{"id":15832,"date":"2022-06-20T10:04:18","date_gmt":"2022-06-20T08:04:18","guid":{"rendered":"https:\/\/www.villeneuve-les-beziers.fr\/?p=15832"},"modified":"2022-06-20T10:04:46","modified_gmt":"2022-06-20T08:04:46","slug":"15832-2","status":"publish","type":"post","link":"https:\/\/www.villeneuve-les-beziers.fr\/de\/a-la-une\/15832-2\/","title":{"rendered":"Nachtabschaltung der \u00f6ffentlichen Beleuchtung."},"content":{"rendered":"<p><span class=\"pq6dq46d tbxw36s4 knj5qynh kvgmc6g5 ditlmg2l oygrvhab nvdbi5me sf5mxxl7 gl3lb2sf hhz5lgdu\"><img loading=\"lazy\" decoding=\"async\" src=\"https:\/\/static.xx.fbcdn.net\/images\/emoji.php\/v9\/td2\/2\/16\/1f319.png\" alt=\"\ud83c\udf19\" width=\"16\" height=\"16\" \/><\/span> <span class=\"pq6dq46d tbxw36s4 knj5qynh kvgmc6g5 ditlmg2l oygrvhab nvdbi5me sf5mxxl7 gl3lb2sf hhz5lgdu\"><img loading=\"lazy\" decoding=\"async\" src=\"https:\/\/static.xx.fbcdn.net\/images\/emoji.php\/v9\/t2d\/2\/16\/1f303.png\" alt=\"\ud83c\udf03\" width=\"16\" height=\"16\" \/>\u00a0Nachtabschaltung der \u00f6ffentlichen Beleuchtung. Es ist an der Zeit, den Nachtmodus zu aktivieren.<br \/><br \/><\/span><span class=\"pq6dq46d tbxw36s4 knj5qynh kvgmc6g5 ditlmg2l oygrvhab nvdbi5me sf5mxxl7 gl3lb2sf hhz5lgdu\"><img loading=\"lazy\" decoding=\"async\" src=\"https:\/\/static.xx.fbcdn.net\/images\/emoji.php\/v9\/t1d\/2\/16\/1f4c5.png\" alt=\"\ud83d\udcc5\" width=\"16\" height=\"16\" \/><\/span> <strong>\u00d6ffentliche Informationsveranstaltung am Mittwoch, den 29. Juni 2022 um 19.00 Uhr im Espace des Libert\u00e9s G\u00e9rard-Saumade.<\/strong><br \/><br \/><span class=\"pq6dq46d tbxw36s4 knj5qynh kvgmc6g5 ditlmg2l oygrvhab nvdbi5me sf5mxxl7 gl3lb2sf hhz5lgdu\"><img loading=\"lazy\" decoding=\"async\" src=\"https:\/\/static.xx.fbcdn.net\/images\/emoji.php\/v9\/tf0\/2\/16\/1f449.png\" alt=\"\ud83d\udc49\" width=\"16\" height=\"16\" \/><\/span>Die Gemeinde Villeneuve-l\u00e8s-B\u00e9ziers hat sich f\u00fcr die Abschaltung der \u00f6ffentlichen Beleuchtung entschieden. Dies soll den Energieverbrauch und die Lichtverschmutzung reduzieren und ist Teil eines starken \u00f6kologischen und umweltfreundlichen Ansatzes, den die Stadt anstrebt.<br \/><br \/><span class=\"pq6dq46d tbxw36s4 knj5qynh kvgmc6g5 ditlmg2l oygrvhab nvdbi5me sf5mxxl7 gl3lb2sf hhz5lgdu\"><img loading=\"lazy\" decoding=\"async\" src=\"https:\/\/static.xx.fbcdn.net\/images\/emoji.php\/v9\/tf0\/2\/16\/1f449.png\" alt=\"\ud83d\udc49\" width=\"16\" height=\"16\" \/><\/span>Die \u00f6ffentliche Beleuchtung wird h\u00e4ufig als ein wichtiges Sicherheitselement angesehen. Viele Projekte sto\u00dfen auf Widerstand aus Angst vor mehr Unsicherheit oder einem Gef\u00fchl der Deklassierung, das es zu ber\u00fccksichtigen gilt.<br \/>Die Gemeinden, die diese Ma\u00dfnahme eingef\u00fchrt haben, konnten jedoch keine Auswirkungen auf die Anzahl der Einbr\u00fcche und Vandalismus feststellen, die meist am helllichten Tag stattfinden.<br \/><span class=\"pq6dq46d tbxw36s4 knj5qynh kvgmc6g5 ditlmg2l oygrvhab nvdbi5me sf5mxxl7 gl3lb2sf hhz5lgdu\"><img loading=\"lazy\" decoding=\"async\" src=\"https:\/\/static.xx.fbcdn.net\/images\/emoji.php\/v9\/te2\/2\/16\/1f6a6.png\" alt=\"\ud83d\udea6\" width=\"16\" height=\"16\" \/>\u00a0<\/span>Was die Verkehrssicherheit betrifft, so neigen Autofahrer in einem schlecht oder gar nicht beleuchteten Gebiet eher dazu, die Geschwindigkeit zu verringern oder sogar zu bremsen, um den Zustand der Stra\u00dfe und ihre Fahrtrichtung besser zu beachten.<br \/><span class=\"pq6dq46d tbxw36s4 knj5qynh kvgmc6g5 ditlmg2l oygrvhab nvdbi5me sf5mxxl7 gl3lb2sf hhz5lgdu\"><img loading=\"lazy\" decoding=\"async\" src=\"https:\/\/static.xx.fbcdn.net\/images\/emoji.php\/v9\/tf0\/2\/16\/1f449.png\" alt=\"\ud83d\udc49\" width=\"16\" height=\"16\" \/><\/span>Dieser Versuch, der zum Schuljahresbeginn im September 2022 beginnen wird, ist auch Teil einer kontrollierten Verwaltung der \u00f6ffentlichen Ausgaben durch die Senkung des Energieverbrauchs.<\/p>\n<p>\u00a0<\/p>\n<p>\u00a0<\/p>","protected":false},"excerpt":{"rendered":"","protected":false},"author":1,"featured_media":15833,"comment_status":"closed","ping_status":"closed","sticky":false,"template":"","format":"standard","meta":{"footnotes":""},"categories":[26],"tags":[],"class_list":["post-15832","post","type-post","status-publish","format-standard","has-post-thumbnail","hentry","category-a-la-une"],"_links":{"self":[{"href":"https:\/\/www.villeneuve-les-beziers.fr\/de\/wp-json\/wp\/v2\/posts\/15832","targetHints":{"allow":["GET"]}}],"collection":[{"href":"https:\/\/www.villeneuve-les-beziers.fr\/de\/wp-json\/wp\/v2\/posts"}],"about":[{"href":"https:\/\/www.villeneuve-les-beziers.fr\/de\/wp-json\/wp\/v2\/types\/post"}],"author":[{"embeddable":true,"href":"https:\/\/www.villeneuve-les-beziers.fr\/de\/wp-json\/wp\/v2\/users\/1"}],"replies":[{"embeddable":true,"href":"https:\/\/www.villeneuve-les-beziers.fr\/de\/wp-json\/wp\/v2\/comments?post=15832"}],"version-history":[{"count":0,"href":"https:\/\/www.villeneuve-les-beziers.fr\/de\/wp-json\/wp\/v2\/posts\/15832\/revisions"}],"wp:featuredmedia":[{"embeddable":true,"href":"https:\/\/www.villeneuve-les-beziers.fr\/de\/wp-json\/wp\/v2\/media\/15833"}],"wp:attachment":[{"href":"https:\/\/www.villeneuve-les-beziers.fr\/de\/wp-json\/wp\/v2\/media?parent=15832"}],"wp:term":[{"taxonomy":"category","embeddable":true,"href":"https:\/\/www.villeneuve-les-beziers.fr\/de\/wp-json\/wp\/v2\/categories?post=15832"},{"taxonomy":"post_tag","embeddable":true,"href":"https:\/\/www.villeneuve-les-beziers.fr\/de\/wp-json\/wp\/v2\/tags?post=15832"}],"curies":[{"name":"wp","href":"https:\/\/api.w.org\/{rel}","templated":true}]}}