{"id":16310,"date":"2022-09-08T08:47:53","date_gmt":"2022-09-08T06:47:53","guid":{"rendered":"https:\/\/www.villeneuve-les-beziers.fr\/?p=16310"},"modified":"2022-09-08T08:48:04","modified_gmt":"2022-09-08T06:48:04","slug":"nachtabschaltung-der-offentlichen-beleuchtung","status":"publish","type":"post","link":"https:\/\/www.villeneuve-les-beziers.fr\/de\/a-la-une\/extinction-nocturne-de-leclairage-public\/","title":{"rendered":"Nachtabschaltung der \u00f6ffentlichen Beleuchtung"},"content":{"rendered":"<div class=\"\" data-block=\"true\" data-editor=\"b7kls\" data-offset-key=\"cvlnm-0-0\">\n<div class=\"_1mf _1mj\" data-offset-key=\"cvlnm-0-0\"><span data-offset-key=\"cvlnm-0-0\">\ud83c\udf19 \ud83c\udf03\ud835\uddd8\ud835\uddeb\ud835\udde7\ud835\udddc\ud835\udde1\ud835\uddd6\ud835\udde7\ud835\udddc\ud835\udde2\ud835\udde1 \ud835\udde1\ud835\udde2\ud835\uddd6\ud835\udde7\ud835\udde8\ud835\udde5\ud835\udde1\ud835\uddd8 \ud835\uddd7\ud835\uddd8 \ud835\udddf'\ud835\uddd8\u0301\ud835\uddd6\ud835\udddf\ud835\uddd4\ud835\udddc\ud835\udde5\ud835\uddd4\ud835\uddda\ud835\uddd8 \ud835\udde3\ud835\udde8\ud835\uddd5\ud835\udddf\ud835\udddc\ud835\uddd6. <\/span><\/div>\n<\/div>\n<div class=\"\" data-block=\"true\" data-editor=\"b7kls\" data-offset-key=\"1535o-0-0\">\n<div class=\"_1mf _1mj\" data-offset-key=\"1535o-0-0\"><span data-offset-key=\"1535o-0-0\">\u00a0<\/span><\/div>\n<\/div>\n<div class=\"\" data-block=\"true\" data-editor=\"b7kls\" data-offset-key=\"8u6c9-0-0\">\n<div class=\"_1mf _1mj\" data-offset-key=\"8u6c9-0-0\"><span data-offset-key=\"8u6c9-0-0\">\ud83d\udcc5 \ud835\udc00\u0300 \ud835\udc29\ud835\udc1a\ud835\udc2b\ud835\udc2d\ud835\udc22\ud835\udc2b \ud835\udc1d\ud835\udc2e \ud835\udc23\ud835\udc1e\ud835\udc2e\ud835\udc1d\ud835\udc22 \ud835\udfcf\ud835\udfd3 \ud835\udc2c\ud835\udc1e\ud835\udc29\ud835\udc2d\ud835\udc1e\ud835\udc26\ud835\udc1b\ud835\udc2b\ud835\udc1e \ud835\udc1d\ud835\udc1e \ud835\udfcf\ud835\udc21 \ud835\udc23\ud835\udc2e\ud835\udc2c\ud835\udc2a\ud835\udc2e'\ud835\udc1a\u0300 \ud835\udfd3\ud835\udc21\ud835\udfd1\ud835\udfce \ud835\udc1d\ud835\udc2e \ud835\udc26\ud835\udc1a\ud835\udc2d\ud835\udc22\ud835\udc27.<\/span><\/div>\n<\/div>\n<div class=\"\" data-block=\"true\" data-editor=\"b7kls\" data-offset-key=\"cb9lt-0-0\">\n<div class=\"_1mf _1mj\" data-offset-key=\"cb9lt-0-0\"><span data-offset-key=\"cb9lt-0-0\">\u00a0<\/span><\/div>\n<\/div>\n<div class=\"\" data-block=\"true\" data-editor=\"b7kls\" data-offset-key=\"cgtp4-0-0\">\n<div class=\"_1mf _1mj\" data-offset-key=\"cgtp4-0-0\"><span data-offset-key=\"cgtp4-0-0\">\ud83d\udc49Die Gemeinde Villeneuve-l\u00e8s-B\u00e9ziers beteiligt sich am Prozess der Abschaltung der \u00f6ffentlichen Beleuchtung. Dies zielt darauf ab, den Energieverbrauch und die Lichtverschmutzung zu reduzieren und ist Teil eines starken \u00f6kologischen und umweltfreundlichen Ansatzes, den die Stadt anstrebt.<\/span><\/div>\n<div data-offset-key=\"cgtp4-0-0\">\u00a0<\/div>\n<\/div>\n<div class=\"\" data-block=\"true\" data-editor=\"b7kls\" data-offset-key=\"6hgbt-0-0\">\n<div class=\"_1mf _1mj\" data-offset-key=\"6hgbt-0-0\"><span data-offset-key=\"6hgbt-0-0\">\ud83d\udc49Die \u00f6ffentliche Beleuchtung wird auch oft als ein starkes Sicherheitselement angesehen. Viele Projekte sto\u00dfen auf Widerst\u00e4nde, die auf der Bef\u00fcrchtung beruhen, mehr Unsicherheit zu erzeugen, oder auf ein Gef\u00fchl der Herabstufung, das ber\u00fccksichtigt werden muss.<\/span><\/div>\n<\/div>\n<div class=\"\" data-block=\"true\" data-editor=\"b7kls\" data-offset-key=\"3n31m-0-0\">\n<div class=\"_1mf _1mj\" data-offset-key=\"3n31m-0-0\"><span data-offset-key=\"3n31m-0-0\">Die Gemeinden, die diese Ma\u00dfnahme eingef\u00fchrt haben, konnten jedoch keine Auswirkungen auf die Anzahl der Einbr\u00fcche und Vandalismus feststellen, die meist am helllichten Tag stattfinden.<\/span><\/div>\n<div data-offset-key=\"3n31m-0-0\">\u00a0<\/div>\n<\/div>\n<div class=\"\" data-block=\"true\" data-editor=\"b7kls\" data-offset-key=\"c90e-0-0\">\n<div class=\"_1mf _1mj\" data-offset-key=\"c90e-0-0\"><span data-offset-key=\"c90e-0-0\">\ud83d\udea6In Bezug auf die Verkehrssicherheit neigen Autofahrer in einem schlecht oder gar nicht beleuchteten Bereich eher dazu, die Geschwindigkeit zu verringern oder sogar zu bremsen, um dem Zustand der Stra\u00dfe und ihrer Fahrspur mehr Aufmerksamkeit zu schenken.<\/span><\/div>\n<div data-offset-key=\"c90e-0-0\">\u00a0<\/div>\n<\/div>\n<div class=\"\" data-block=\"true\" data-editor=\"b7kls\" data-offset-key=\"bcai3-0-0\">\n<div class=\"_1mf _1mj\" data-offset-key=\"bcai3-0-0\"><span data-offset-key=\"bcai3-0-0\">\ud83d\udc49Dieser Versuch, der n\u00e4chste Woche beginnen wird, ist auch Teil einer kontrollierten Verwaltung der \u00f6ffentlichen Ausgaben durch die Senkung des Energieverbrauchs.<\/span><\/div>\n<\/div>","protected":false},"excerpt":{"rendered":"","protected":false},"author":1,"featured_media":16311,"comment_status":"closed","ping_status":"closed","sticky":false,"template":"","format":"standard","meta":{"footnotes":""},"categories":[26],"tags":[],"class_list":["post-16310","post","type-post","status-publish","format-standard","has-post-thumbnail","hentry","category-a-la-une"],"_links":{"self":[{"href":"https:\/\/www.villeneuve-les-beziers.fr\/de\/wp-json\/wp\/v2\/posts\/16310","targetHints":{"allow":["GET"]}}],"collection":[{"href":"https:\/\/www.villeneuve-les-beziers.fr\/de\/wp-json\/wp\/v2\/posts"}],"about":[{"href":"https:\/\/www.villeneuve-les-beziers.fr\/de\/wp-json\/wp\/v2\/types\/post"}],"author":[{"embeddable":true,"href":"https:\/\/www.villeneuve-les-beziers.fr\/de\/wp-json\/wp\/v2\/users\/1"}],"replies":[{"embeddable":true,"href":"https:\/\/www.villeneuve-les-beziers.fr\/de\/wp-json\/wp\/v2\/comments?post=16310"}],"version-history":[{"count":0,"href":"https:\/\/www.villeneuve-les-beziers.fr\/de\/wp-json\/wp\/v2\/posts\/16310\/revisions"}],"wp:featuredmedia":[{"embeddable":true,"href":"https:\/\/www.villeneuve-les-beziers.fr\/de\/wp-json\/wp\/v2\/media\/16311"}],"wp:attachment":[{"href":"https:\/\/www.villeneuve-les-beziers.fr\/de\/wp-json\/wp\/v2\/media?parent=16310"}],"wp:term":[{"taxonomy":"category","embeddable":true,"href":"https:\/\/www.villeneuve-les-beziers.fr\/de\/wp-json\/wp\/v2\/categories?post=16310"},{"taxonomy":"post_tag","embeddable":true,"href":"https:\/\/www.villeneuve-les-beziers.fr\/de\/wp-json\/wp\/v2\/tags?post=16310"}],"curies":[{"name":"wp","href":"https:\/\/api.w.org\/{rel}","templated":true}]}}