{"id":17342,"date":"2023-06-21T09:23:46","date_gmt":"2023-06-21T07:23:46","guid":{"rendered":"https:\/\/www.villeneuve-les-beziers.fr\/?p=17342"},"modified":"2023-06-21T09:28:27","modified_gmt":"2023-06-21T07:28:27","slug":"die-einschrankungen-der-wassernutzung-in-meiner-gemeinde-kennen","status":"publish","type":"post","link":"https:\/\/www.villeneuve-les-beziers.fr\/de\/a-la-une\/connaitre-les-restrictions-dusage-deau-sur-ma-commune\/","title":{"rendered":"Informationen \u00fcber die Einschr\u00e4nkungen der Wassernutzung in meiner Gemeinde"},"content":{"rendered":"<p><img decoding=\"async\" width=\"1024\" height=\"535\" src=\"https:\/\/www.villeneuve-les-beziers.fr\/wp-content\/uploads\/2023\/06\/Captureadm-1024x535.png\" alt=\"\" loading=\"lazy\" srcset=\"https:\/\/www.villeneuve-les-beziers.fr\/wp-content\/uploads\/2023\/06\/Captureadm-1024x535.png 1024w, https:\/\/www.villeneuve-les-beziers.fr\/wp-content\/uploads\/2023\/06\/Captureadm-300x157.png 300w, https:\/\/www.villeneuve-les-beziers.fr\/wp-content\/uploads\/2023\/06\/Captureadm-768x401.png 768w, https:\/\/www.villeneuve-les-beziers.fr\/wp-content\/uploads\/2023\/06\/Captureadm.png 1386w\" sizes=\"auto, (max-width: 1024px) 100vw, 1024px\" \/>\t\t\t\t\t\t\t\t\t\t\t\t\t\t<\/p>\n<h1 style=\"font-family: Verdana, Geneva, Lucida, Arial, Helvetica, sans-serif; font-size: 10px; color: #000000; font-style: normal; font-variant-ligatures: normal; font-variant-caps: normal; font-weight: 400; margin: 5px;\">Um einem Mangel an Wasserressourcen w\u00e4hrend der Niedrigwasserperiode zu begegnen, m\u00fcssen die Pr\u00e4fekten in Anwendung von Artikel L.211-3 II-1\u00b0 des Umweltgesetzbuches au\u00dfergew\u00f6hnliche Ma\u00dfnahmen zur Einschr\u00e4nkung oder Aussetzung der Wassernutzung ergreifen.<br \/>Auf dieser Website werden die von den Pr\u00e4fekten getroffenen Aussetzungs- oder Beschr\u00e4nkungsma\u00dfnahmen anhand der von den staatlichen Stellen der Departements zur Verf\u00fcgung gestellten Daten dargestellt. Wenn ein allgemeiner und kollektiver Beschr\u00e4nkungsbeschluss gefasst wird, muss dieser im Rathaus jeder betroffenen Gemeinde ausgeh\u00e4ngt werden und wird in regionalen oder lokalen Zeitungen ver\u00f6ffentlicht, die im Departement verbreitet werden.<br \/>Informationen finden Sie auf der Website des&nbsp;<a style=\"font-family: Verdana, Geneva, Lucida, Arial, Helvetica, sans-serif; font-size: 10px; color: #a1c3c9; font-weight: bold;\" title=\"Ministerium f\u00fcr den \u00f6kologischen und solidarischen \u00dcbergang \" href=\"http:\/\/propluvia.developpement-durable.gouv.fr\/propluvia\/faces\/public\/pageAPropos.jsp#\" target=\"_blank\" rel=\"noopener\">Ministerium f\u00fcr den \u00f6kologischen und solidarischen \u00dcbergang&nbsp;<\/a>und in der&nbsp;<a style=\"font-family: Verdana, Geneva, Lucida, Arial, Helvetica, sans-serif; font-size: 10px; color: #a1c3c9; font-weight: bold;\" href=\"http:\/\/propluvia.developpement-durable.gouv.fr\/propluvia\/faces\/public\/pageAPropos.jsp#\" target=\"_blank\" rel=\"noopener noreferrer nofollow\"><img decoding=\"async\" style=\"font-family: Verdana, Geneva, Lucida, Arial, Helvetica, sans-serif; font-size: 10px; border-width: 0px; border-style: initial;\" src=\"http:\/\/propluvia.developpement-durable.gouv.fr\/propluvia\/images\/common\/empty.gif\" alt=\"\">Leitfaden f\u00fcr die Konsultation<\/a>.<\/h1>\n<p>\nBesuchen Sie die offizielle Website unter :<\/p>\n<p>https:<a href=\"https:\/\/herault.adm-occitanie.fr\/restreau\/\" target=\"_blank\" rel=\"noopener noreferrer nofollow\">\/\/herault.adm-occitanie.fr\/restreau\/<\/a><\/p><\/p>","protected":false},"excerpt":{"rendered":"<p>Pour faire face \u00e0 une insuffisance de la ressource en eau en p\u00e9riode d&rsquo;\u00e9tiage, les pr\u00e9fets sont amen\u00e9s \u00e0 prendre des mesures exceptionnelles de limitation ou de suspension des usages de l&rsquo;eau en application de l&rsquo;article L.211-3 II-1\u00b0 du code de l&rsquo;environnement.Ce site pr\u00e9sente les mesures de suspension ou de limitation prises par les pr\u00e9fets [&hellip;]<\/p>\n","protected":false},"author":1,"featured_media":0,"comment_status":"closed","ping_status":"closed","sticky":false,"template":"","format":"standard","meta":{"footnotes":""},"categories":[26],"tags":[],"class_list":["post-17342","post","type-post","status-publish","format-standard","hentry","category-a-la-une"],"_links":{"self":[{"href":"https:\/\/www.villeneuve-les-beziers.fr\/de\/wp-json\/wp\/v2\/posts\/17342","targetHints":{"allow":["GET"]}}],"collection":[{"href":"https:\/\/www.villeneuve-les-beziers.fr\/de\/wp-json\/wp\/v2\/posts"}],"about":[{"href":"https:\/\/www.villeneuve-les-beziers.fr\/de\/wp-json\/wp\/v2\/types\/post"}],"author":[{"embeddable":true,"href":"https:\/\/www.villeneuve-les-beziers.fr\/de\/wp-json\/wp\/v2\/users\/1"}],"replies":[{"embeddable":true,"href":"https:\/\/www.villeneuve-les-beziers.fr\/de\/wp-json\/wp\/v2\/comments?post=17342"}],"version-history":[{"count":0,"href":"https:\/\/www.villeneuve-les-beziers.fr\/de\/wp-json\/wp\/v2\/posts\/17342\/revisions"}],"wp:attachment":[{"href":"https:\/\/www.villeneuve-les-beziers.fr\/de\/wp-json\/wp\/v2\/media?parent=17342"}],"wp:term":[{"taxonomy":"category","embeddable":true,"href":"https:\/\/www.villeneuve-les-beziers.fr\/de\/wp-json\/wp\/v2\/categories?post=17342"},{"taxonomy":"post_tag","embeddable":true,"href":"https:\/\/www.villeneuve-les-beziers.fr\/de\/wp-json\/wp\/v2\/tags?post=17342"}],"curies":[{"name":"wp","href":"https:\/\/api.w.org\/{rel}","templated":true}]}}