{"id":18290,"date":"2024-08-02T09:07:05","date_gmt":"2024-08-02T07:07:05","guid":{"rendered":"https:\/\/www.villeneuve-les-beziers.fr\/?p=18290"},"modified":"2024-08-02T09:13:57","modified_gmt":"2024-08-02T07:13:57","slug":"am-12-ist-binouze","status":"publish","type":"post","link":"https:\/\/www.villeneuve-les-beziers.fr\/de\/a-la-une\/le-12-cest-la-binouze\/","title":{"rendered":"Am 12. ist Binouze"},"content":{"rendered":"<p><img loading=\"lazy\" decoding=\"async\" height=\"16\" width=\"16\" alt=\"\ud83c\udf7a\" src=\"https:\/\/static.xx.fbcdn.net\/images\/emoji.php\/v9\/t15\/1\/16\/1f37a.png\">\ud835\udddf\ud835\uddd8 \ud835\udfed\ud835\udfee \ud835\uddd6'\ud835\uddd8\ud835\udde6\ud835\udde7 \ud835\udddf\ud835\uddd4 \ud835\uddd5\ud835\udddc\ud835\udde1\ud835\udde2\ud835\udde8\ud835\udded\ud835\uddd8&nbsp;<img loading=\"lazy\" decoding=\"async\" height=\"16\" width=\"16\" alt=\"\ud83c\udf7b\" src=\"https:\/\/static.xx.fbcdn.net\/images\/emoji.php\/v9\/t96\/1\/16\/1f37b.png\"><\/p>\n\n\n\n<p><br><img loading=\"lazy\" decoding=\"async\" height=\"16\" width=\"16\" src=\"https:\/\/static.xx.fbcdn.net\/images\/emoji.php\/v9\/t58\/1\/16\/1f929.png\" alt=\"\ud83e\udd29\">\u00a0Bald ist der 12... und der 12. ist der Binouze!<br>Ein Muss f\u00fcr Bierliebhaber und Festtagsfans!<\/p>\n\n\n\n<p><img loading=\"lazy\" decoding=\"async\" height=\"16\" width=\"16\" alt=\"\ud83d\udcc6\" src=\"https:\/\/static.xx.fbcdn.net\/images\/emoji.php\/v9\/tff\/1\/16\/1f4c6.png\">&nbsp;Wir freuen uns auf Ihren Besuch ab 19 Uhr bis 23 Uhr in den G\u00e4rten des Festsaals, Espace G\u00e9rard Saumade, Rue de la source.<br>Genie\u00dfen Sie einen geselligen Moment mit den besten handwerklich gebrauten Bieren aus dem Gro\u00dfraum Biterrois, die von mehreren lokalen Brauereien hergestellt werden. Die besten!<\/p>\n\n\n\n<p><img loading=\"lazy\" decoding=\"async\" height=\"16\" width=\"16\" alt=\"\ud83c\udfb8\" src=\"https:\/\/static.xx.fbcdn.net\/images\/emoji.php\/v9\/t21\/1\/16\/1f3b8.png\">&nbsp;F\u00fcr die musikalische Unterhaltung sorgt die Gruppe Damien B. und Itona.<\/p>\n\n\n\n<p><img loading=\"lazy\" decoding=\"async\" height=\"16\" width=\"16\" alt=\"\ud83c\udf74\" src=\"https:\/\/static.xx.fbcdn.net\/images\/emoji.php\/v9\/t68\/1\/16\/1f374.png\">&nbsp;Es gibt eine Vielzahl von Foodtrucks, die Meeresfr\u00fcchte, Wurstwaren, K\u00e4se, Burger, Cr\u00eapes, Gegrilltes, libanesische Spezialit\u00e4ten, hawaiianische Poke Bowls, italienische Pasta, s\u00fc\u00dfe Leckereien und vieles mehr anbieten.<\/p>\n\n\n\n<p><img loading=\"lazy\" decoding=\"async\" height=\"16\" width=\"16\" alt=\"\ud83d\ude04\" src=\"https:\/\/static.xx.fbcdn.net\/images\/emoji.php\/v9\/td2\/1\/16\/1f604.png\"><img loading=\"lazy\" decoding=\"async\" height=\"16\" width=\"16\" alt=\"\ud83c\udf7b\" src=\"https:\/\/static.xx.fbcdn.net\/images\/emoji.php\/v9\/t96\/1\/16\/1f37b.png\">&nbsp;Wir versprechen Ihnen einen schaumigen Abend in Villeneuve-l\u00e8s-B\u00e9ziers!<br><img loading=\"lazy\" decoding=\"async\" height=\"16\" width=\"16\" alt=\"\ud83c\udfe0\" src=\"https:\/\/static.xx.fbcdn.net\/images\/emoji.php\/v9\/tf6\/1\/16\/1f3e0.png\">&nbsp;Und damit Sie in aller Ruhe genie\u00dfen k\u00f6nnen, ist der Ort geschlossen und gesichert, so dass Sie mit Ihrer Familie kommen k\u00f6nnen! (Aufblasbare Spiele f\u00fcr die Kleinen!)<\/p>\n\n\n\n<p><img loading=\"lazy\" decoding=\"async\" height=\"16\" width=\"16\" alt=\"\u26a0\ufe0f\" src=\"https:\/\/static.xx.fbcdn.net\/images\/emoji.php\/v9\/tdc\/1\/16\/26a0.png\">&nbsp;Bereiten Sie Ihre Geschmacksnerven und Ihre gute Laune f\u00fcr einen weiteren Abend vor, der im Zeichen der Geselligkeit und der Entdeckung der besten lokalen Biere steht!<br>\ud835\udc3f'\ud835\udc4e\ud835\udc4f\ud835\udc62\ud835\udc60 \ud835\udc51'\ud835\udc4e\ud835\udc59\ud835\udc50\ud835\udc5c\ud835\udc5c\ud835\udc59 \ud835\udc52\ud835\udc60\ud835\udc61 \ud835\udc51\ud835\udc4e\ud835\udc5b\ud835\udc54\ud835\udc52\ud835\udc5f\ud835\udc52\ud835\udc62\ud835\udc65 \ud835\udc5d\ud835\udc5c\ud835\udc62\ud835\udc5f \ud835\udc59\ud835\udc4e \ud835\udc60\ud835\udc4e\ud835\udc5b\ud835\udc61\ud835\udc52\u0301, \ud835\udc4e\u0300 \ud835\udc50\ud835\udc5c\ud835\udc5b\ud835\udc60\ud835\udc5c\ud835\udc5a\ud835\udc5a\ud835\udc52\ud835\udc5f \ud835\udc4e\ud835\udc63\ud835\udc52\ud835\udc50 \ud835\udc5a\ud835\udc5c\ud835\udc51\ud835\udc52\u0301\ud835\udc5f\ud835\udc4e\ud835\udc61\ud835\udc56\ud835\udc5c\ud835\udc5b... aber mit Genuss!<\/p>","protected":false},"excerpt":{"rendered":"<p>\ud835\udddf\ud835\uddd8 \ud835\udfed\ud835\udfee \ud835\uddd6&rsquo;\ud835\uddd8\ud835\udde6\ud835\udde7 \ud835\udddf\ud835\uddd4 \ud835\uddd5\ud835\udddc\ud835\udde1\ud835\udde2\ud835\udde8\ud835\udded\ud835\uddd8&nbsp; \u00a0Bient\u00f4t le 12&#8230; et le 12 C&rsquo;est la Binouze !Le rendez-vous incontournables des amateurs de bonnes bi\u00e8res et des festa\u00efres ! &nbsp;Nous vous attendons nombreux d\u00e8s 19h et jusqu&rsquo;\u00e0 23h dans les jardins de la Salle des F\u00eates, Espace G\u00e9rard Saumade, Rue de la source.Venez partager un moment convivial autour [&hellip;]<\/p>\n","protected":false},"author":1,"featured_media":18284,"comment_status":"closed","ping_status":"closed","sticky":false,"template":"","format":"standard","meta":{"footnotes":""},"categories":[26],"tags":[],"class_list":["post-18290","post","type-post","status-publish","format-standard","has-post-thumbnail","hentry","category-a-la-une"],"_links":{"self":[{"href":"https:\/\/www.villeneuve-les-beziers.fr\/de\/wp-json\/wp\/v2\/posts\/18290","targetHints":{"allow":["GET"]}}],"collection":[{"href":"https:\/\/www.villeneuve-les-beziers.fr\/de\/wp-json\/wp\/v2\/posts"}],"about":[{"href":"https:\/\/www.villeneuve-les-beziers.fr\/de\/wp-json\/wp\/v2\/types\/post"}],"author":[{"embeddable":true,"href":"https:\/\/www.villeneuve-les-beziers.fr\/de\/wp-json\/wp\/v2\/users\/1"}],"replies":[{"embeddable":true,"href":"https:\/\/www.villeneuve-les-beziers.fr\/de\/wp-json\/wp\/v2\/comments?post=18290"}],"version-history":[{"count":0,"href":"https:\/\/www.villeneuve-les-beziers.fr\/de\/wp-json\/wp\/v2\/posts\/18290\/revisions"}],"wp:featuredmedia":[{"embeddable":true,"href":"https:\/\/www.villeneuve-les-beziers.fr\/de\/wp-json\/wp\/v2\/media\/18284"}],"wp:attachment":[{"href":"https:\/\/www.villeneuve-les-beziers.fr\/de\/wp-json\/wp\/v2\/media?parent=18290"}],"wp:term":[{"taxonomy":"category","embeddable":true,"href":"https:\/\/www.villeneuve-les-beziers.fr\/de\/wp-json\/wp\/v2\/categories?post=18290"},{"taxonomy":"post_tag","embeddable":true,"href":"https:\/\/www.villeneuve-les-beziers.fr\/de\/wp-json\/wp\/v2\/tags?post=18290"}],"curies":[{"name":"wp","href":"https:\/\/api.w.org\/{rel}","templated":true}]}}