{"id":18850,"date":"2024-11-08T16:51:42","date_gmt":"2024-11-08T15:51:42","guid":{"rendered":"https:\/\/www.villeneuve-les-beziers.fr\/?p=18850"},"modified":"2024-11-08T16:51:43","modified_gmt":"2024-11-08T15:51:43","slug":"gedenkfeier-zum-waffenstillstand-vom-11-november-1918","status":"publish","type":"post","link":"https:\/\/www.villeneuve-les-beziers.fr\/de\/a-la-une\/ceremonie-de-commemoration-de-larmistice-du-11-novembre-1918\/","title":{"rendered":"Zeremonie zum Gedenken an den Waffenstillstand vom 11. November 1918"},"content":{"rendered":"<p><img loading=\"lazy\" decoding=\"async\" height=\"16\" width=\"16\" alt=\"\ud83c\uddeb\ud83c\uddf7\" src=\"https:\/\/static.xx.fbcdn.net\/images\/emoji.php\/v9\/t74\/1\/16\/1f1eb_1f1f7.png\"> \ud835\udc02\ud835\udc1e\u0301\ud835\udc2b\ud835\udc1e\u0301\ud835\udc26\ud835\udc28\ud835\udc27\ud835\udc22\ud835\udc1e \ud835\udc1d\ud835\udc1e \ud835\udc02\ud835\udc28\ud835\udc26\ud835\udc26\ud835\udc1e\u0301\ud835\udc26\ud835\udc28\ud835\udc2b\ud835\udc1a\ud835\udc2d\ud835\udc22\ud835\udc28\ud835\udc27 \ud835\udc1d\ud835\udc1e \ud835\udc25'\ud835\udc00\ud835\udc2b\ud835\udc26\ud835\udc22\ud835\udc2c\ud835\udc2d\ud835\udc22\ud835\udc1c\ud835\udc1e \ud835\udc1d\ud835\udc2e \ud835\udfcf\ud835\udfcf \ud835\udc27\ud835\udc28\ud835\udc2f\ud835\udc1e\ud835\udc26\ud835\udc1b\ud835\udc2b\ud835\udc1e \ud835\udfcf\ud835\udfd7\ud835\udfcf\ud835\udfd6 <img loading=\"lazy\" decoding=\"async\" height=\"16\" width=\"16\" alt=\"\ud83c\uddeb\ud83c\uddf7\" src=\"https:\/\/static.xx.fbcdn.net\/images\/emoji.php\/v9\/t74\/1\/16\/1f1eb_1f1f7.png\"><\/p>\n\n\n\n<p><img loading=\"lazy\" decoding=\"async\" height=\"16\" width=\"16\" alt=\"\ud83c\uddeb\ud83c\uddf7\" src=\"https:\/\/static.xx.fbcdn.net\/images\/emoji.php\/v9\/t74\/1\/16\/1f1eb_1f1f7.png\"> \ud835\udc07\ud835\udc28\ud835\udc26\ud835\udc26\ud835\udc1a\ud835\udc20\ud835\udc1e \ud835\udc1a\u0300 \ud835\udc2d\ud835\udc28\ud835\udc2e\ud835\udc2c \ud835\udc25\ud835\udc1e\ud835\udc2c \ud835\udc0c\ud835\udc28\ud835\udc2b\ud835\udc2d\ud835\udc2c \ud835\udc29\ud835\udc28\ud835\udc2e\ud835\udc2b \ud835\udc25\ud835\udc1a \ud835\udc05\ud835\udc2b\ud835\udc1a\ud835\udc27\ud835\udc1c\ud835\udc1e <img loading=\"lazy\" decoding=\"async\" height=\"16\" width=\"16\" alt=\"\ud83c\uddeb\ud83c\uddf7\" src=\"https:\/\/static.xx.fbcdn.net\/images\/emoji.php\/v9\/t74\/1\/16\/1f1eb_1f1f7.png\"><\/p>\n\n\n\n<p>Gemeinsam mit unseren Kriegsveteranen laden Sie Fabrice Solans, B\u00fcrgermeister von Villeneuve-l\u00e8s-B\u00e9ziers, und sein Gemeinderat ein, an der traditionellen Gedenkfeier zum Waffenstillstand vom 11. November 1918 am Montag teilzunehmen.<\/p>\n\n\n\n<p>Eine gute Gelegenheit, sich zu versammeln, um <a><\/a>allen gefallenen franz\u00f6sischen Soldaten, allen zivilen und milit\u00e4rischen Opfern von gestern und heute die Ehre zu erweisen.<\/p>\n\n\n\n<p><img loading=\"lazy\" decoding=\"async\" height=\"16\" width=\"16\" alt=\"\ud83d\udc49\" src=\"https:\/\/static.xx.fbcdn.net\/images\/emoji.php\/v9\/t51\/1\/16\/1f449.png\">Treffpunkt um 10.45 Uhr vor dem Rathaus, um an der Parade zum Kriegsdenkmal teilzunehmen.<\/p>\n\n\n\n<p>Die Zeremonie findet um 11.00 Uhr statt, gefolgt von einer Kranzniederlegung.<\/p>\n\n\n\n<p>Zum Abschluss des Gedenkens wird im Maison de la M\u00e9moire du Combattant, Place Samuel-Paty, ein Glas Freundschaft geteilt.<\/p>","protected":false},"excerpt":{"rendered":"<p>\ud835\udc02\ud835\udc1e\u0301\ud835\udc2b\ud835\udc1e\u0301\ud835\udc26\ud835\udc28\ud835\udc27\ud835\udc22\ud835\udc1e \ud835\udc1d\ud835\udc1e \ud835\udc02\ud835\udc28\ud835\udc26\ud835\udc26\ud835\udc1e\u0301\ud835\udc26\ud835\udc28\ud835\udc2b\ud835\udc1a\ud835\udc2d\ud835\udc22\ud835\udc28\ud835\udc27 \ud835\udc1d\ud835\udc1e \ud835\udc25\u2019\ud835\udc00\ud835\udc2b\ud835\udc26\ud835\udc22\ud835\udc2c\ud835\udc2d\ud835\udc22\ud835\udc1c\ud835\udc1e \ud835\udc1d\ud835\udc2e \ud835\udfcf\ud835\udfcf \ud835\udc27\ud835\udc28\ud835\udc2f\ud835\udc1e\ud835\udc26\ud835\udc1b\ud835\udc2b\ud835\udc1e \ud835\udfcf\ud835\udfd7\ud835\udfcf\ud835\udfd6 \ud835\udc07\ud835\udc28\ud835\udc26\ud835\udc26\ud835\udc1a\ud835\udc20\ud835\udc1e \ud835\udc1a\u0300 \ud835\udc2d\ud835\udc28\ud835\udc2e\ud835\udc2c \ud835\udc25\ud835\udc1e\ud835\udc2c \ud835\udc0c\ud835\udc28\ud835\udc2b\ud835\udc2d\ud835\udc2c \ud835\udc29\ud835\udc28\ud835\udc2e\ud835\udc2b \ud835\udc25\ud835\udc1a \ud835\udc05\ud835\udc2b\ud835\udc1a\ud835\udc27\ud835\udc1c\ud835\udc1e Aux c\u00f4t\u00e9s de nos Anciens Combattants, Fabrice Solans, Maire de Villeneuve-l\u00e8s-B\u00e9ziers et son Conseil Municipal vous invitent \u00e0 participer \u00e0 la traditionnelle c\u00e9r\u00e9monie de comm\u00e9moration de l&rsquo;Armistice du 11 novembre 1918 ce lundi. Une belle occasion de se [&hellip;]<\/p>\n","protected":false},"author":1,"featured_media":18851,"comment_status":"closed","ping_status":"closed","sticky":false,"template":"","format":"standard","meta":{"footnotes":""},"categories":[26],"tags":[],"class_list":["post-18850","post","type-post","status-publish","format-standard","has-post-thumbnail","hentry","category-a-la-une"],"_links":{"self":[{"href":"https:\/\/www.villeneuve-les-beziers.fr\/de\/wp-json\/wp\/v2\/posts\/18850","targetHints":{"allow":["GET"]}}],"collection":[{"href":"https:\/\/www.villeneuve-les-beziers.fr\/de\/wp-json\/wp\/v2\/posts"}],"about":[{"href":"https:\/\/www.villeneuve-les-beziers.fr\/de\/wp-json\/wp\/v2\/types\/post"}],"author":[{"embeddable":true,"href":"https:\/\/www.villeneuve-les-beziers.fr\/de\/wp-json\/wp\/v2\/users\/1"}],"replies":[{"embeddable":true,"href":"https:\/\/www.villeneuve-les-beziers.fr\/de\/wp-json\/wp\/v2\/comments?post=18850"}],"version-history":[{"count":0,"href":"https:\/\/www.villeneuve-les-beziers.fr\/de\/wp-json\/wp\/v2\/posts\/18850\/revisions"}],"wp:featuredmedia":[{"embeddable":true,"href":"https:\/\/www.villeneuve-les-beziers.fr\/de\/wp-json\/wp\/v2\/media\/18851"}],"wp:attachment":[{"href":"https:\/\/www.villeneuve-les-beziers.fr\/de\/wp-json\/wp\/v2\/media?parent=18850"}],"wp:term":[{"taxonomy":"category","embeddable":true,"href":"https:\/\/www.villeneuve-les-beziers.fr\/de\/wp-json\/wp\/v2\/categories?post=18850"},{"taxonomy":"post_tag","embeddable":true,"href":"https:\/\/www.villeneuve-les-beziers.fr\/de\/wp-json\/wp\/v2\/tags?post=18850"}],"curies":[{"name":"wp","href":"https:\/\/api.w.org\/{rel}","templated":true}]}}