{"id":19650,"date":"2024-11-13T09:21:33","date_gmt":"2024-11-13T08:21:33","guid":{"rendered":"https:\/\/www.villeneuve-les-beziers.fr\/?p=18947"},"modified":"2024-11-13T09:21:33","modified_gmt":"2024-11-13T08:21:33","slug":"solidarischer-rockabend-fur-den-telethon-2","status":"publish","type":"post","link":"https:\/\/www.villeneuve-les-beziers.fr\/de\/a-la-une\/soiree-rock-solidaire-pour-le-telethon-2\/","title":{"rendered":"Solidarischer Rockabend f\u00fcr den Telethon"},"content":{"rendered":"<p><img loading=\"lazy\" decoding=\"async\" height=\"16\" width=\"16\" src=\"https:\/\/static.xx.fbcdn.net\/images\/emoji.php\/v9\/t1f\/1\/16\/1f3b6.png\" alt=\"\ud83c\udfb6\"> <strong>Solidarischer Rockabend f\u00fcr den Telethon!<\/strong><img loading=\"lazy\" decoding=\"async\" height=\"16\" width=\"16\" src=\"https:\/\/static.xx.fbcdn.net\/images\/emoji.php\/v9\/t1f\/1\/16\/1f3b6.png\" alt=\"\ud83c\udfb6\"><\/p>\n\n\n\n<p><img loading=\"lazy\" decoding=\"async\" height=\"16\" width=\"16\" alt=\"\ud83d\udccc\" src=\"https:\/\/static.xx.fbcdn.net\/images\/emoji.php\/v9\/tac\/1\/16\/1f4cc.png\"> Am Freitag, dem 22. November, ab 19.00 Uhr findet im Festsaal von Villeneuve-l\u00e8s-B\u00e9ziers (Espace des Libert\u00e9s G\u00e9rard Saumade) ein au\u00dfergew\u00f6hnliches Konzert statt!<\/p>\n\n\n\n<p>Die \ud835\udde6\ud835\uddfd\ud835\uddee\ud835\uddfb\ud835\uddf8\ud835\uddf2\ud835\uddff\ud835\ude00 werden mit ihrer rockigen Energie f\u00fcr Stimmung sorgen, und das f\u00fcr einen guten Zweck!<\/p>\n\n\n\n<p><img loading=\"lazy\" decoding=\"async\" height=\"16\" width=\"16\" alt=\"\ud83d\udcb8\" src=\"https:\/\/static.xx.fbcdn.net\/images\/emoji.php\/v9\/t62\/1\/16\/1f4b8.png\"><a><\/a>Eintritt mit Hut<\/p>\n\n\n\n<p><img loading=\"lazy\" decoding=\"async\" height=\"16\" width=\"16\" alt=\"\ud83c\udf79\" src=\"https:\/\/static.xx.fbcdn.net\/images\/emoji.php\/v9\/ted\/1\/16\/1f379.png\"> Getr\u00e4nke vor Ort<\/p>\n\n\n\n<p>Der gesamte Erl\u00f6s geht an den Telethon, um die Forschung und die Familien zu unterst\u00fctzen. Kommen Sie zahlreich zu einem musikalischen, festlichen und solidarischen Abend!<\/p>\n\n\n\n<p>Gemeinsam machen wir einen Unterschied! <img loading=\"lazy\" decoding=\"async\" height=\"16\" width=\"16\" alt=\"\ud83d\udcaa\" src=\"https:\/\/static.xx.fbcdn.net\/images\/emoji.php\/v9\/t6c\/1\/16\/1f4aa.png\"><img loading=\"lazy\" decoding=\"async\" height=\"16\" width=\"16\" alt=\"\ud83d\udc99\" src=\"https:\/\/static.xx.fbcdn.net\/images\/emoji.php\/v9\/t6c\/1\/16\/1f499.png\"><\/p>","protected":false},"excerpt":{"rendered":"<p>Soir\u00e9e Rock Solidaire pour le T\u00e9l\u00e9thon ! Le vendredi 22 novembre, d\u00e8s 19h, rendez-vous \u00e0 la salle des f\u00eates de Villeneuve-l\u00e8s-B\u00e9ziers (Espace des Libert\u00e9s G\u00e9rard Saumade) pour un concert exceptionnel ! Les \ud835\udde6\ud835\uddfd\ud835\uddee\ud835\uddfb\ud835\uddf8\ud835\uddf2\ud835\uddff\ud835\ude00 mettront l\u2019ambiance avec leur \u00e9nergie rock, et ce, pour la bonne cause ! Entr\u00e9e au chapeau Buvette sur place Tous les fonds [&hellip;]<\/p>\n","protected":false},"author":1,"featured_media":18948,"comment_status":"closed","ping_status":"closed","sticky":false,"template":"","format":"standard","meta":{"footnotes":""},"categories":[26],"tags":[],"class_list":["post-19650","post","type-post","status-publish","format-standard","has-post-thumbnail","hentry","category-a-la-une"],"_links":{"self":[{"href":"https:\/\/www.villeneuve-les-beziers.fr\/de\/wp-json\/wp\/v2\/posts\/19650","targetHints":{"allow":["GET"]}}],"collection":[{"href":"https:\/\/www.villeneuve-les-beziers.fr\/de\/wp-json\/wp\/v2\/posts"}],"about":[{"href":"https:\/\/www.villeneuve-les-beziers.fr\/de\/wp-json\/wp\/v2\/types\/post"}],"author":[{"embeddable":true,"href":"https:\/\/www.villeneuve-les-beziers.fr\/de\/wp-json\/wp\/v2\/users\/1"}],"replies":[{"embeddable":true,"href":"https:\/\/www.villeneuve-les-beziers.fr\/de\/wp-json\/wp\/v2\/comments?post=19650"}],"version-history":[{"count":0,"href":"https:\/\/www.villeneuve-les-beziers.fr\/de\/wp-json\/wp\/v2\/posts\/19650\/revisions"}],"wp:featuredmedia":[{"embeddable":true,"href":"https:\/\/www.villeneuve-les-beziers.fr\/de\/wp-json\/wp\/v2\/media\/18948"}],"wp:attachment":[{"href":"https:\/\/www.villeneuve-les-beziers.fr\/de\/wp-json\/wp\/v2\/media?parent=19650"}],"wp:term":[{"taxonomy":"category","embeddable":true,"href":"https:\/\/www.villeneuve-les-beziers.fr\/de\/wp-json\/wp\/v2\/categories?post=19650"},{"taxonomy":"post_tag","embeddable":true,"href":"https:\/\/www.villeneuve-les-beziers.fr\/de\/wp-json\/wp\/v2\/tags?post=19650"}],"curies":[{"name":"wp","href":"https:\/\/api.w.org\/{rel}","templated":true}]}}