{"id":19920,"date":"2025-04-09T10:50:15","date_gmt":"2025-04-09T08:50:15","guid":{"rendered":"https:\/\/www.villeneuve-les-beziers.fr\/?p=19920"},"modified":"2025-04-23T09:40:44","modified_gmt":"2025-04-23T07:40:44","slug":"begrusungszeremonie-fur-neuankommlinge","status":"publish","type":"post","link":"https:\/\/www.villeneuve-les-beziers.fr\/de\/a-la-une\/ceremonie-daccueil-des-nouveaux-arrivants\/","title":{"rendered":"Begr\u00fc\u00dfungszeremonie f\u00fcr Neuank\u00f6mmlinge"},"content":{"rendered":"<p class=\"has-text-align-center\">Fabrice SOLANS, B\u00fcrgermeister von VILLENEUVE-LES-BEZIERS, und sein Gemeindeteam werden die Neuank\u00f6mmlinge in einer speziellen Zeremonie begr\u00fc\u00dfen:<\/p>\n\n\n\n<p class=\"has-text-align-center\">am Freitag, den 16. Mai 2025 um 19.00 Uhr in den G\u00e4rten des Espace des Libert\u00e9s G\u00e9rard Saumade, Rue de la Source<\/p>\n\n\n\n<p class=\"has-text-align-center\">Um sich zu melden und eine Einladung zu erhalten, wenden Sie sich bitte an die Rezeption des Rathauses.<\/p>\n\n\n\n<p class=\"has-text-align-center\">04.67.39.47.80 oder <a href=\"mailto:mairie@villeneuve-les-beziers.fr\">mairie@villeneuve-les-beziers.fr<\/a><\/p>\n\n\n\n<p><\/p>","protected":false},"excerpt":{"rendered":"<p>Fabrice SOLANS, Maire de VILLENEUVE-LES-BEZIERS, et son \u00e9quipe municipale accueilleront les nouveaux arrivants \u00e0 l\u2019occasion d\u2019une c\u00e9r\u00e9monie qui leur sera d\u00e9di\u00e9e : le vendredi 16 mai 2025 \u00e0 19H dans les Jardins de l\u2019Espace des Libert\u00e9s G\u00e9rard Saumade, Rue de la Source Pour vous faire connaitre et recevoir une invitation, n\u2019h\u00e9sitez pas \u00e0 contacter l\u2019accueil [&hellip;]<\/p>\n","protected":false},"author":1,"featured_media":19921,"comment_status":"closed","ping_status":"closed","sticky":false,"template":"","format":"standard","meta":{"footnotes":""},"categories":[26],"tags":[],"class_list":["post-19920","post","type-post","status-publish","format-standard","has-post-thumbnail","hentry","category-a-la-une"],"_links":{"self":[{"href":"https:\/\/www.villeneuve-les-beziers.fr\/de\/wp-json\/wp\/v2\/posts\/19920","targetHints":{"allow":["GET"]}}],"collection":[{"href":"https:\/\/www.villeneuve-les-beziers.fr\/de\/wp-json\/wp\/v2\/posts"}],"about":[{"href":"https:\/\/www.villeneuve-les-beziers.fr\/de\/wp-json\/wp\/v2\/types\/post"}],"author":[{"embeddable":true,"href":"https:\/\/www.villeneuve-les-beziers.fr\/de\/wp-json\/wp\/v2\/users\/1"}],"replies":[{"embeddable":true,"href":"https:\/\/www.villeneuve-les-beziers.fr\/de\/wp-json\/wp\/v2\/comments?post=19920"}],"version-history":[{"count":1,"href":"https:\/\/www.villeneuve-les-beziers.fr\/de\/wp-json\/wp\/v2\/posts\/19920\/revisions"}],"predecessor-version":[{"id":19922,"href":"https:\/\/www.villeneuve-les-beziers.fr\/de\/wp-json\/wp\/v2\/posts\/19920\/revisions\/19922"}],"wp:featuredmedia":[{"embeddable":true,"href":"https:\/\/www.villeneuve-les-beziers.fr\/de\/wp-json\/wp\/v2\/media\/19921"}],"wp:attachment":[{"href":"https:\/\/www.villeneuve-les-beziers.fr\/de\/wp-json\/wp\/v2\/media?parent=19920"}],"wp:term":[{"taxonomy":"category","embeddable":true,"href":"https:\/\/www.villeneuve-les-beziers.fr\/de\/wp-json\/wp\/v2\/categories?post=19920"},{"taxonomy":"post_tag","embeddable":true,"href":"https:\/\/www.villeneuve-les-beziers.fr\/de\/wp-json\/wp\/v2\/tags?post=19920"}],"curies":[{"name":"wp","href":"https:\/\/api.w.org\/{rel}","templated":true}]}}