{"id":19929,"date":"2025-04-23T09:15:03","date_gmt":"2025-04-23T07:15:03","guid":{"rendered":"https:\/\/www.villeneuve-les-beziers.fr\/?p=19929"},"modified":"2025-04-23T09:15:04","modified_gmt":"2025-04-23T07:15:04","slug":"burgerschaft","status":"publish","type":"post","link":"https:\/\/www.villeneuve-les-beziers.fr\/de\/a-la-une\/citoyennete\/","title":{"rendered":"B\u00fcrgerschaft"},"content":{"rendered":"<p><\/p>\n\n\n\n<h1 class=\"wp-block-heading\"><strong>L\u00e4rm und Bel\u00e4stigung<\/strong><\/h1>\n\n\n\n<p><\/p>\n\n\n\n<p>Die sch\u00f6nen Tage sind zur\u00fcckgekehrt und f\u00fcr alle, die einen Garten haben, ist das Wochenende ideal f\u00fcr Gartenarbeit oder Heimwerker. <\/p>\n\n\n\n<p><strong>Aber darf man eigentlich an Sonn- und Feiertagen seinen Rasen m\u00e4hen? Was sagt das Gesetz? Wir antworten Ihnen.<\/strong><\/p>\n\n\n\n<p>F\u00fcr Arbeiten mit l\u00e4rmenden Ger\u00e4ten (Rasenm\u00e4her, Motorhacke, Kettens\u00e4ge, Bohrmaschine...) gelten gesetzlich festgelegte Zeiten.<\/p>\n\n\n\n<p>Der Pr\u00e4fekt legte die \u00d6ffnungszeiten fest, die f\u00fcr alle Gemeinden im Departement H\u00e9rault gelten,\u00a0<strong>Privatpersonen k\u00f6nnen ihre Arbeiten selbst durchf\u00fchren:<\/strong><\/p>\n\n\n\n<ul class=\"wp-block-list\">\n<li><strong>an Werktagen von 8.30 bis 12.00 Uhr und von 14.30 bis 19.30 Uhr;<\/strong><\/li>\n\n\n\n<li><strong>samstags von 9.00 bis 12.00 Uhr und von 15.00 bis 19.00 Uhr;<\/strong><\/li>\n\n\n\n<li><strong>Sonntags und an Feiertagen von 10.00 bis 12.00 Uhr.<\/strong><\/li>\n<\/ul>\n\n\n\n<p>Diese Regeln gelten f\u00fcr alle l\u00e4rmenden Ger\u00e4te (Heckenschere, Kettens\u00e4ge, Motorhacke, Bohrmaschine usw.).<\/p>\n\n\n\n<p><strong>Lesen Sie den Beschluss :<\/strong>\u00a0<a href=\"https:\/\/www.villeneuve-les-beziers.fr\/wp-content\/uploads\/2025\/04\/arrete_bruit-ap.pdf\">hier<\/a><\/p>\n\n\n\n<p><strong>\u00d6ffentliche und private Baustellen<\/strong>\u00a0gelten nicht die gleichen \u00d6ffnungszeiten wie f\u00fcr Privatpersonen. Die \u00d6ffnungszeiten sind :\u00a0<strong>Montag bis Samstag von 7.00 Uhr bis maximal 20.00 Uhr.<\/strong><\/p>\n\n\n\n<p>Weitere Informationen :\u00a0<a href=\"http:\/\/www.bruit.fr\/\" target=\"_blank\" rel=\"noreferrer noopener\">die Website des Centre d'Information et de Documentation sur le Bruit (CIDB) besuchen<\/a><\/p>\n\n\n\n<p><\/p>","protected":false},"excerpt":{"rendered":"<p>Bruits et nuisances Les beaux jours ont fait leur grand retour et, pour toutes celles et ceux qui ont un jardin, le week-end est propice au jardinage ou au bricolage. Mais au fait, peut-on tondre sa pelouse les dimanches et les jours f\u00e9ri\u00e9s ? Que dit la loi ? On vous r\u00e9pond. Les travaux entra\u00eenant [&hellip;]<\/p>\n","protected":false},"author":1,"featured_media":19930,"comment_status":"closed","ping_status":"closed","sticky":false,"template":"","format":"standard","meta":{"footnotes":""},"categories":[26],"tags":[],"class_list":["post-19929","post","type-post","status-publish","format-standard","has-post-thumbnail","hentry","category-a-la-une"],"_links":{"self":[{"href":"https:\/\/www.villeneuve-les-beziers.fr\/de\/wp-json\/wp\/v2\/posts\/19929","targetHints":{"allow":["GET"]}}],"collection":[{"href":"https:\/\/www.villeneuve-les-beziers.fr\/de\/wp-json\/wp\/v2\/posts"}],"about":[{"href":"https:\/\/www.villeneuve-les-beziers.fr\/de\/wp-json\/wp\/v2\/types\/post"}],"author":[{"embeddable":true,"href":"https:\/\/www.villeneuve-les-beziers.fr\/de\/wp-json\/wp\/v2\/users\/1"}],"replies":[{"embeddable":true,"href":"https:\/\/www.villeneuve-les-beziers.fr\/de\/wp-json\/wp\/v2\/comments?post=19929"}],"version-history":[{"count":1,"href":"https:\/\/www.villeneuve-les-beziers.fr\/de\/wp-json\/wp\/v2\/posts\/19929\/revisions"}],"predecessor-version":[{"id":19932,"href":"https:\/\/www.villeneuve-les-beziers.fr\/de\/wp-json\/wp\/v2\/posts\/19929\/revisions\/19932"}],"wp:featuredmedia":[{"embeddable":true,"href":"https:\/\/www.villeneuve-les-beziers.fr\/de\/wp-json\/wp\/v2\/media\/19930"}],"wp:attachment":[{"href":"https:\/\/www.villeneuve-les-beziers.fr\/de\/wp-json\/wp\/v2\/media?parent=19929"}],"wp:term":[{"taxonomy":"category","embeddable":true,"href":"https:\/\/www.villeneuve-les-beziers.fr\/de\/wp-json\/wp\/v2\/categories?post=19929"},{"taxonomy":"post_tag","embeddable":true,"href":"https:\/\/www.villeneuve-les-beziers.fr\/de\/wp-json\/wp\/v2\/tags?post=19929"}],"curies":[{"name":"wp","href":"https:\/\/api.w.org\/{rel}","templated":true}]}}