{"id":19934,"date":"2025-04-23T09:38:21","date_gmt":"2025-04-23T07:38:21","guid":{"rendered":"https:\/\/www.villeneuve-les-beziers.fr\/?p=19934"},"modified":"2025-08-27T16:20:58","modified_gmt":"2025-08-27T14:20:58","slug":"3-messe-fur-wellness-und-umwelt","status":"publish","type":"post","link":"https:\/\/www.villeneuve-les-beziers.fr\/de\/a-la-une\/3eme-salon-du-bien-etre-et-de-lenvironnement\/","title":{"rendered":"3. Messe f\u00fcr Wohlbefinden und Umwelt"},"content":{"rendered":"<p><img loading=\"lazy\" decoding=\"async\" height=\"16\" width=\"16\" alt=\"\ud83d\udccd\" src=\"https:\/\/static.xx.fbcdn.net\/images\/emoji.php\/v9\/t2d\/1\/16\/1f4cd.png\"> Villeneuve-l\u00e8s-B\u00e9ziers - Espace des L<a><\/a>ibert\u00e9s G\u00e9rard-Saumade<\/p>\n\n\n\n<p><img loading=\"lazy\" decoding=\"async\" height=\"16\" width=\"16\" alt=\"\ud83d\udcc5\" src=\"https:\/\/static.xx.fbcdn.net\/images\/emoji.php\/v9\/t7e\/1\/16\/1f4c5.png\"> Samstag, 26. und Sonntag, 27. April 2025 | von 10.00 bis 17.30 Uhr<\/p>\n\n\n\n<p>\ud835\uddd8\ud835\ude01 \ud835\ude00\ud835\uddf6 \ud835\ude03\ud835\uddfc\ud835\ude02\ud835\ude00 \ud835\uddfd\ud835\uddff\ud835\uddf2\ud835\uddfb\ud835\uddf6\ud835\uddf2\ud835\ude07 \ud835\ude02\ud835\uddfb \ud835\uddfa\ud835\uddfc\ud835\uddfa\ud835\uddf2\ud835\uddfb\ud835\ude01 \ud835\uddff\ud835\uddf6\ud835\uddf2\ud835\uddfb \ud835\uddfe\ud835\ude02\ud835\uddf2 \ud835\uddfd\ud835\uddfc\ud835\ude02\ud835\uddff \ud835\ude03\ud835\uddfc\ud835\ude02\ud835\ude00?<\/p>\n\n\n\n<p>Machen Sie ein Wochenende lang eine Pause, atmen Sie durch, entdecken Sie, tauschen Sie sich aus, entspannen Sie sich... und achten Sie auf sich und unseren Planeten!<\/p>\n\n\n\n<p><img loading=\"lazy\" decoding=\"async\" height=\"16\" width=\"16\" alt=\"\ud83d\udc49\" src=\"https:\/\/static.xx.fbcdn.net\/images\/emoji.php\/v9\/t51\/1\/16\/1f449.png\"> Ausgabe kehrt die Messe f\u00fcr Wohlbefinden und Umwelt mit noch mehr inspirierenden Vortr\u00e4gen, Workshops, Entdeckungsst\u00e4nden und Animationen f\u00fcr Gro\u00df und Klein zur\u00fcck.<\/p>\n\n\n\n<p><img loading=\"lazy\" decoding=\"async\" height=\"16\" width=\"16\" alt=\"\ud83c\udf31\" src=\"https:\/\/static.xx.fbcdn.net\/images\/emoji.php\/v9\/t69\/1\/16\/1f331.png\"> Ob Sie nun ein Anh\u00e4nger sanfter Praktiken oder einfach nur neugierig sind, hier finden Sie alles, um Ihre Sinne zu wecken und Ihren Geist zu n\u00e4hren:<\/p>\n\n\n\n<p><img loading=\"lazy\" decoding=\"async\" height=\"16\" width=\"16\" alt=\"\ud83d\udfe2\" src=\"https:\/\/static.xx.fbcdn.net\/images\/emoji.php\/v9\/tfc\/1\/16\/1f7e2.png\"> Naturprodukte, Kunsthandwerk, Biokosmetik<\/p>\n\n\n\n<p><img loading=\"lazy\" decoding=\"async\" height=\"16\" width=\"16\" alt=\"\ud83d\udfe2\" src=\"https:\/\/static.xx.fbcdn.net\/images\/emoji.php\/v9\/tfc\/1\/16\/1f7e2.png\"> gesunde Ern\u00e4hrung, alternative Therapien<\/p>\n\n\n\n<p><img loading=\"lazy\" decoding=\"async\" height=\"16\" width=\"16\" alt=\"\ud83d\udfe2\" src=\"https:\/\/static.xx.fbcdn.net\/images\/emoji.php\/v9\/tfc\/1\/16\/1f7e2.png\"> \u00f6kologisches Know-how, lokale Initiativen<\/p>\n\n\n\n<p><img loading=\"lazy\" decoding=\"async\" height=\"16\" width=\"16\" alt=\"\ud83d\udfe2\" src=\"https:\/\/static.xx.fbcdn.net\/images\/emoji.php\/v9\/tfc\/1\/16\/1f7e2.png\"> Pflege, Massagen, Meditation, pers\u00f6nliche Entwicklung...<\/p>\n\n\n\n<p><img loading=\"lazy\" decoding=\"async\" height=\"16\" width=\"16\" alt=\"\ud83d\udc49\" src=\"https:\/\/static.xx.fbcdn.net\/images\/emoji.php\/v9\/t51\/1\/16\/1f449.png\"> G\u00f6nnen Sie sich am Sonntag ab 14 Uhr einen echten Moment der Gelassenheit mit Professor Benoist, der drei \ud835\ude00\ud835\uddf2\u0301\ud835\uddee\ud835\uddfb\ud835\uddf0\ud835\uddf2\ud835\ude00 \ud835\uddf1\ud835\uddf2 \ud835\ude06\ud835\uddfc\ud835\uddf4\ud835\uddee von jeweils 45 Minuten moderieren wird.<\/p>\n\n\n\n<p>Zug\u00e4nglich f\u00fcr alle Niveaus, in einer wohlwollenden und beruhigenden Atmosph\u00e4re.<\/p>\n\n\n\n<p><img loading=\"lazy\" decoding=\"async\" height=\"16\" width=\"16\" alt=\"\ud83c\udfa0\" src=\"https:\/\/static.xx.fbcdn.net\/images\/emoji.php\/v9\/t7a\/1\/16\/1f3a0.png\"> Kinder werden nicht vergessen: \ud835\uddfa\ud835\uddee\ud835\uddfb\ud835\uddf2\u0300\ud835\uddf4\ud835\uddf2\ud835\ude00 erwarten sie in den geschlossenen und gesicherten G\u00e4rten, w\u00e4hrend Sie das Unterhaltungsprogramm der Messe in vollen Z\u00fcgen genie\u00dfen k\u00f6nnen. <img loading=\"lazy\" decoding=\"async\" height=\"16\" width=\"16\" alt=\"\ud83d\ude46\u200d\u2642\ufe0f\" src=\"https:\/\/static.xx.fbcdn.net\/images\/emoji.php\/v9\/t80\/1\/16\/1f646_200d_2642.png\"><\/p>\n\n\n\n<p><img loading=\"lazy\" decoding=\"async\" height=\"16\" width=\"16\" alt=\"\ud83c\udf70\" src=\"https:\/\/static.xx.fbcdn.net\/images\/emoji.php\/v9\/t64\/1\/16\/1f370.png\"> Und f\u00fcr eine \ud835\uddfd\ud835\uddee\ud835\ude02\ud835\ude00\ud835\uddf2 \ud835\uddf4\ud835\uddfc\ud835\ude02\ud835\uddff\ud835\uddfa\ud835\uddee\ud835\uddfb\ud835\uddf1\ud835\uddf2 werden die Eltern der Sch\u00fcler w\u00e4hrend der gesamten Veranstaltung mit ihren Cr\u00eapes, Waffeln und s\u00fc\u00dfen Leckereien vertreten sein. <img loading=\"lazy\" decoding=\"async\" height=\"16\" width=\"16\" alt=\"\ud83d\ude0b\" src=\"https:\/\/static.xx.fbcdn.net\/images\/emoji.php\/v9\/t0\/1\/16\/1f60b.png\"><\/p>\n\n\n\n<p><img loading=\"lazy\" decoding=\"async\" height=\"16\" width=\"16\" alt=\"\ud83d\udc9a\" src=\"https:\/\/static.xx.fbcdn.net\/images\/emoji.php\/v9\/t94\/1\/16\/1f49a.png\">\ud835\udddf'\ud835\uddf2\ud835\uddfb\ud835\ude01\ud835\uddff\ud835\uddf2\u0301\ud835\uddf2 \ud835\uddf2\ud835\ude00\ud835\ude01 \ud835\uddf9\ud835\uddf6\ud835\uddef\ud835\uddff\ud835\uddf2, garantiert l\u00e4cheln und sich wohlf\u00fchlen!<\/p>\n\n\n\n<p>Eine Veranstaltung f\u00fcr die ganze Familie, bei der man sich etwas Gutes tun kann... und gleichzeitig an die Welt von morgen denkt.<\/p>","protected":false},"excerpt":{"rendered":"<p>Villeneuve-l\u00e8s-B\u00e9ziers \u2013 Espace des Libert\u00e9s G\u00e9rard-Saumade Samedi 26 &amp; dimanche 27 avril 2025 | de 10h \u00e0 17h30 \ud835\uddd8\ud835\ude01 \ud835\ude00\ud835\uddf6 \ud835\ude03\ud835\uddfc\ud835\ude02\ud835\ude00 \ud835\uddfd\ud835\uddff\ud835\uddf2\ud835\uddfb\ud835\uddf6\ud835\uddf2\ud835\ude07 \ud835\ude02\ud835\uddfb \ud835\uddfa\ud835\uddfc\ud835\uddfa\ud835\uddf2\ud835\uddfb\ud835\ude01 \ud835\uddff\ud835\uddf6\ud835\uddf2\ud835\uddfb \ud835\uddfe\ud835\ude02\ud835\uddf2 \ud835\uddfd\ud835\uddfc\ud835\ude02\ud835\uddff \ud835\ude03\ud835\uddfc\ud835\ude02\ud835\ude00 ? Le temps d\u2019un week-end, venez faire une pause, respirer, d\u00e9couvrir, \u00e9changer, vous d\u00e9tendre\u2026 et prendre soin de vous comme de la plan\u00e8te ! Pour cette 3e [&hellip;]<\/p>\n","protected":false},"author":1,"featured_media":19937,"comment_status":"closed","ping_status":"closed","sticky":false,"template":"","format":"standard","meta":{"footnotes":""},"categories":[26],"tags":[],"class_list":["post-19934","post","type-post","status-publish","format-standard","has-post-thumbnail","hentry","category-a-la-une"],"_links":{"self":[{"href":"https:\/\/www.villeneuve-les-beziers.fr\/de\/wp-json\/wp\/v2\/posts\/19934","targetHints":{"allow":["GET"]}}],"collection":[{"href":"https:\/\/www.villeneuve-les-beziers.fr\/de\/wp-json\/wp\/v2\/posts"}],"about":[{"href":"https:\/\/www.villeneuve-les-beziers.fr\/de\/wp-json\/wp\/v2\/types\/post"}],"author":[{"embeddable":true,"href":"https:\/\/www.villeneuve-les-beziers.fr\/de\/wp-json\/wp\/v2\/users\/1"}],"replies":[{"embeddable":true,"href":"https:\/\/www.villeneuve-les-beziers.fr\/de\/wp-json\/wp\/v2\/comments?post=19934"}],"version-history":[{"count":1,"href":"https:\/\/www.villeneuve-les-beziers.fr\/de\/wp-json\/wp\/v2\/posts\/19934\/revisions"}],"predecessor-version":[{"id":19936,"href":"https:\/\/www.villeneuve-les-beziers.fr\/de\/wp-json\/wp\/v2\/posts\/19934\/revisions\/19936"}],"wp:featuredmedia":[{"embeddable":true,"href":"https:\/\/www.villeneuve-les-beziers.fr\/de\/wp-json\/wp\/v2\/media\/19937"}],"wp:attachment":[{"href":"https:\/\/www.villeneuve-les-beziers.fr\/de\/wp-json\/wp\/v2\/media?parent=19934"}],"wp:term":[{"taxonomy":"category","embeddable":true,"href":"https:\/\/www.villeneuve-les-beziers.fr\/de\/wp-json\/wp\/v2\/categories?post=19934"},{"taxonomy":"post_tag","embeddable":true,"href":"https:\/\/www.villeneuve-les-beziers.fr\/de\/wp-json\/wp\/v2\/tags?post=19934"}],"curies":[{"name":"wp","href":"https:\/\/api.w.org\/{rel}","templated":true}]}}