{"id":19975,"date":"2025-05-26T16:09:56","date_gmt":"2025-05-26T14:09:56","guid":{"rendered":"https:\/\/www.villeneuve-les-beziers.fr\/?p=19975"},"modified":"2025-08-27T16:20:18","modified_gmt":"2025-08-27T14:20:18","slug":"denken-sie-daran-das-gestrupp-zu-entfernen","status":"publish","type":"post","link":"https:\/\/www.villeneuve-les-beziers.fr\/de\/a-la-une\/pensez-a-debroussailler\/","title":{"rendered":"Denken Sie daran, das Gestr\u00fcpp zu entfernen!"},"content":{"rendered":"<p>Der neue Pr\u00e4fekturerlass Nr.<a href=\"https:\/\/www.villeneuve-les-beziers.fr\/wp-content\/uploads\/2025\/05\/20250408ArreteOLD34_DDTM34-2025-04-15800.pdf\">DDTM34-2025-04-15800<\/a>, ver\u00f6ffentlicht am 8. April 2025, schreibt neue Regeln f\u00fcr die Entbuschung vor, um Waldbr\u00e4nde zu bek\u00e4mpfen \ud83d\ude92\ud83c\udf33.<\/p>\n\n\n\n<p>\ud83d\udccd Unsere Gemeinde ist klassifiziert <strong>STARKES RISIKO&nbsp;<\/strong>!<\/p>\n\n\n\n<p>\ud83e\uddf9 Sie sind betroffen, wenn: <\/p>\n\n\n\n<p>\u2705 Sie sind Eigent\u00fcmer eines Hauses, eines Grundst\u00fccks, einer Baustelle oder einer Anlage in einem st\u00e4dtischen Gebiet oder in der N\u00e4he eines Waldgebietes. <\/p>\n\n\n\n<p>\u2705 Ihr Grundst\u00fcck liegt weniger als 200 Meter von einem Wald-, Busch- oder Macchia-Gebiet entfernt.<\/p>\n\n\n\n<p>\ud83d\udccf&nbsp;<strong>Was Sie tun m\u00fcssen :<\/strong><br>* Entbuschung in einem Radius von 50 Metern um Ihr Haus oder Ihre Anlage.<br>* Schneiden Sie hohes Gras, dichte Str\u00e4ucher und beschneiden Sie B\u00e4ume (unter Beachtung des Sicherheitsabstandes).<br>* Pflege unbebauter Grundst\u00fccke in st\u00e4dtischen Gebieten <br>* Entfernen von abgeschnittenen Pflanzen <\/p>\n\n\n\n<p>\ud83d\udcb8&nbsp;<strong>Sanktionen sind vorgesehen:<\/strong><br>bis zu 50 \u20ac\/m\u00b2 Bu\u00dfgeld, Inverzugsetzung und Zwangsarbeit auf Ihre Kosten!<\/p>\n\n\n\n<p>\ud83d\udcf2 Sehen Sie sich die offiziellen Nachrichten an :\u00a0<br>\ud83d\udc49 <a href=\"https:\/\/www.herault.gouv.fr\/Actions-de-l-Etat\/Agriculture-et-foret\/Foret\/Prevention-des-forets-contre-les-incendies\/Reglementation-debroussaillement\" target=\"_blank\" rel=\"noopener noreferrer nofollow\">https:\/\/www.herault.gouv.fr\/Actions-de-l-Etat\/Agriculture-et-foret\/Foret\/Prevention-des-forets-contre-les-incendies\/Reglementation-debroussaillement<\/a> <\/p>\n\n\n\n<p>Um Ihre Parzelle zu lokalisieren :<br>\ud83d\udc49 <a href=\"https:\/\/www.geoportail.gouv.fr\/carte?c=3.264193793141968,43.35737031472769&amp;z=12&amp;l0=GEOGRAPHICALGRIDSYSTEMS.PLANIGNV2::GEOPORTAIL:OGC:WMTS(1)&amp;l1=CADASTRALPARCELS.PARCELLAIRE_EXPRESS::GEOPORTAIL:OGC:WMTS(1)&amp;l2=DEBROUSSAILLEMENT::GEOPORTAIL:OGC:WMTS(1)&amp;permalink=yes\" target=\"_blank\" rel=\"noopener noreferrer nofollow\">Seite Entbuschung Geoportal<\/a><\/p>\n\n\n\n<p>\ud83c\udf3f F\u00fcr die Sicherheit aller, f\u00fcr die Erhaltung unseres Naturerbes und um Br\u00e4nde in diesem Sommer zu vermeiden, sollten wir gemeinsam die richtigen Gesten anwenden \ud83d\udcaa\ud83d\udd25.<\/p>\n\n\n\n<p><\/p>","protected":false},"excerpt":{"rendered":"<p>Le nouvel arr\u00eat\u00e9 pr\u00e9fectoral n\u00b0DDTM34-2025-04-15800, publi\u00e9 le 8 avril 2025, impose de nouvelles r\u00e8gles de d\u00e9broussaillement pour lutter contre les incendies de for\u00eat \ud83d\ude92\ud83c\udf33 \ud83d\udccd Notre commune est class\u00e9e RISQUE FORT&nbsp;! \ud83e\uddf9 Vous \u00eates concern\u00e9(e) si : \u2705 Vous \u00eates propri\u00e9taire d\u2019une maison, d\u2019un terrain, d\u2019un chantier ou d\u2019une installation en zone urbaine ou \u00e0 [&hellip;]<\/p>\n","protected":false},"author":1,"featured_media":19985,"comment_status":"closed","ping_status":"closed","sticky":false,"template":"","format":"standard","meta":{"footnotes":""},"categories":[26],"tags":[],"class_list":["post-19975","post","type-post","status-publish","format-standard","has-post-thumbnail","hentry","category-a-la-une"],"_links":{"self":[{"href":"https:\/\/www.villeneuve-les-beziers.fr\/de\/wp-json\/wp\/v2\/posts\/19975","targetHints":{"allow":["GET"]}}],"collection":[{"href":"https:\/\/www.villeneuve-les-beziers.fr\/de\/wp-json\/wp\/v2\/posts"}],"about":[{"href":"https:\/\/www.villeneuve-les-beziers.fr\/de\/wp-json\/wp\/v2\/types\/post"}],"author":[{"embeddable":true,"href":"https:\/\/www.villeneuve-les-beziers.fr\/de\/wp-json\/wp\/v2\/users\/1"}],"replies":[{"embeddable":true,"href":"https:\/\/www.villeneuve-les-beziers.fr\/de\/wp-json\/wp\/v2\/comments?post=19975"}],"version-history":[{"count":4,"href":"https:\/\/www.villeneuve-les-beziers.fr\/de\/wp-json\/wp\/v2\/posts\/19975\/revisions"}],"predecessor-version":[{"id":20052,"href":"https:\/\/www.villeneuve-les-beziers.fr\/de\/wp-json\/wp\/v2\/posts\/19975\/revisions\/20052"}],"wp:featuredmedia":[{"embeddable":true,"href":"https:\/\/www.villeneuve-les-beziers.fr\/de\/wp-json\/wp\/v2\/media\/19985"}],"wp:attachment":[{"href":"https:\/\/www.villeneuve-les-beziers.fr\/de\/wp-json\/wp\/v2\/media?parent=19975"}],"wp:term":[{"taxonomy":"category","embeddable":true,"href":"https:\/\/www.villeneuve-les-beziers.fr\/de\/wp-json\/wp\/v2\/categories?post=19975"},{"taxonomy":"post_tag","embeddable":true,"href":"https:\/\/www.villeneuve-les-beziers.fr\/de\/wp-json\/wp\/v2\/tags?post=19975"}],"curies":[{"name":"wp","href":"https:\/\/api.w.org\/{rel}","templated":true}]}}