{"id":20116,"date":"2025-07-10T11:32:29","date_gmt":"2025-07-10T09:32:29","guid":{"rendered":"https:\/\/www.villeneuve-les-beziers.fr\/?p=20116"},"modified":"2025-07-10T11:36:33","modified_gmt":"2025-07-10T09:36:33","slug":"rauchverbot-in-neuen-offentlichen-einrichtungen-ab-dem-1-juli-2025","status":"publish","type":"post","link":"https:\/\/www.villeneuve-les-beziers.fr\/de\/a-la-une\/interdiction-de-fumer-dans-de-nouveaux-lieux-publics-depuis-le-1er-juillet-2025\/","title":{"rendered":"Rauchverbot in neuen \u00f6ffentlichen Einrichtungen ab dem 1. Juli 2025"},"content":{"rendered":"<p>Um die J\u00fcngsten zu sch\u00fctzen, ist das Rauchen in \u00f6ffentlichen Einrichtungen verboten. <\/p>\n\n\n\n<p>Dieses Verbot wird nun auf weitere Au\u00dfenbereiche ausgedehnt, in denen sich Kinder und Jugendliche aufhalten oder ausgesetzt sind.<\/p>\n\n\n\n<p>Seit dem 1.<sup>er<\/sup>\u00a0Juli 2025 ist das Rauchen an den folgenden Orten w\u00e4hrend der \u00d6ffnungszeiten verboten:<\/p>\n\n\n\n<ul class=\"wp-block-list\">\n<li>\u00f6ffentliche Parks und G\u00e4rten ;<\/li>\n\n\n\n<li>Str\u00e4nde an Badegew\u00e4ssern ;<\/li>\n\n\n\n<li>Warteh\u00e4uschen und \u00fcberdachte Wartebereiche f\u00fcr Fahrg\u00e4ste ;<\/li>\n\n\n\n<li>In der N\u00e4he von Schulen, Sekundarschulen, Gymnasien und anderen Orten, die f\u00fcr den Empfang, die Ausbildung oder die Unterbringung von Minderj\u00e4hrigen bestimmt sind;<\/li>\n\n\n\n<li>Offene R\u00e4ume und Umgebungen von Bibliotheken, Schwimmb\u00e4dern, Stadien und Sportanlagen.<\/li>\n<\/ul>\n\n\n\n<p>\u2139\ufe0f Weitere Informationen :<\/p>\n\n\n\n<p><a href=\"https:\/\/www.tabac-info-service.fr\" target=\"_blank\" rel=\"noopener noreferrer nofollow\">https:\/\/www.tabac-info-service.fr<\/a><\/p>\n\n\n\n<p><a href=\"https:\/\/www.ameli.fr\/assure\/sante\/themes\/tabac\/tabac-produits-chiffres\" target=\"_blank\" rel=\"noopener noreferrer nofollow\">https:\/\/www.ameli.fr\/assure\/sante\/themes\/tabac\/tabac-produits-chiffres<\/a><\/p>","protected":false},"excerpt":{"rendered":"<p>Pour prot\u00e9ger les plus jeunes, il est interdit de fumer dans les lieux collectifs. Cette interdiction va d\u00e9sormais s&rsquo;\u00e9tendre \u00e0 de nouveaux espaces ext\u00e9rieurs, l\u00e0 o\u00f9 les enfants et adolescents sont pr\u00e9sents ou expos\u00e9s. Depuis le 1er\u00a0juillet\u00a02025, il est donc interdit de fumer dans les lieux suivants, pendant les heures ou p\u00e9riodes d\u2019ouverture\u00a0: \u2139\ufe0f Plus [&hellip;]<\/p>\n","protected":false},"author":1,"featured_media":20117,"comment_status":"closed","ping_status":"closed","sticky":false,"template":"","format":"standard","meta":{"footnotes":""},"categories":[26],"tags":[],"class_list":["post-20116","post","type-post","status-publish","format-standard","has-post-thumbnail","hentry","category-a-la-une"],"_links":{"self":[{"href":"https:\/\/www.villeneuve-les-beziers.fr\/de\/wp-json\/wp\/v2\/posts\/20116","targetHints":{"allow":["GET"]}}],"collection":[{"href":"https:\/\/www.villeneuve-les-beziers.fr\/de\/wp-json\/wp\/v2\/posts"}],"about":[{"href":"https:\/\/www.villeneuve-les-beziers.fr\/de\/wp-json\/wp\/v2\/types\/post"}],"author":[{"embeddable":true,"href":"https:\/\/www.villeneuve-les-beziers.fr\/de\/wp-json\/wp\/v2\/users\/1"}],"replies":[{"embeddable":true,"href":"https:\/\/www.villeneuve-les-beziers.fr\/de\/wp-json\/wp\/v2\/comments?post=20116"}],"version-history":[{"count":1,"href":"https:\/\/www.villeneuve-les-beziers.fr\/de\/wp-json\/wp\/v2\/posts\/20116\/revisions"}],"predecessor-version":[{"id":20118,"href":"https:\/\/www.villeneuve-les-beziers.fr\/de\/wp-json\/wp\/v2\/posts\/20116\/revisions\/20118"}],"wp:featuredmedia":[{"embeddable":true,"href":"https:\/\/www.villeneuve-les-beziers.fr\/de\/wp-json\/wp\/v2\/media\/20117"}],"wp:attachment":[{"href":"https:\/\/www.villeneuve-les-beziers.fr\/de\/wp-json\/wp\/v2\/media?parent=20116"}],"wp:term":[{"taxonomy":"category","embeddable":true,"href":"https:\/\/www.villeneuve-les-beziers.fr\/de\/wp-json\/wp\/v2\/categories?post=20116"},{"taxonomy":"post_tag","embeddable":true,"href":"https:\/\/www.villeneuve-les-beziers.fr\/de\/wp-json\/wp\/v2\/tags?post=20116"}],"curies":[{"name":"wp","href":"https:\/\/api.w.org\/{rel}","templated":true}]}}