{"id":20172,"date":"2025-07-23T14:55:31","date_gmt":"2025-07-23T12:55:31","guid":{"rendered":"https:\/\/www.villeneuve-les-beziers.fr\/?p=20172"},"modified":"2025-07-23T14:55:32","modified_gmt":"2025-07-23T12:55:32","slug":"wenn-sie-ins-ausland-reisen-sollten-sie-den-richtigen-reflex-haben-und-sich-fur-den-dariane-feed-registrieren","status":"publish","type":"post","link":"https:\/\/www.villeneuve-les-beziers.fr\/de\/a-la-une\/vous-voyagez-a-letranger-ayez-le-bon-reflexe-inscrivez-vous-au-fil-dariane\/","title":{"rendered":"Sie reisen ins Ausland? Achten Sie auf den richtigen Reflex und registrieren Sie sich f\u00fcr den Ariadnefaden."},"content":{"rendered":"<p>Das Krisen- und Unterst\u00fctzungszentrum (CDCS) des Ministeriums f\u00fcr Europa und Ausw\u00e4rtige Angelegenheiten (MEAE), das 24 Stunden am Tag und 7 Tage die Woche aktiv ist, hat insbesondere die Aufgabe, den Schutz der im Ausland lebenden oder ins Ausland reisenden franz\u00f6sischen Staatsb\u00fcrger zu gew\u00e4hrleisten.<\/p>\n\n\n\n<p>Zu diesem Zweck entwickelt und aktualisiert es st\u00e4ndig Sicherheitsempfehlungen, die es haupts\u00e4chlich \u00fcber zwei Instrumente verbreitet: <\/p>\n\n\n\n<ul class=\"wp-block-list\">\n<li>Die<a href=\"https:\/\/www.diplomatie.gouv.fr\/fr\/conseils-aux-voyageurs\/conseils-par-pays-destination\/\" target=\"_blank\" rel=\"noreferrer noopener\">\u00a0Tipps f\u00fcr Reisende<\/a>\u00a0sollen die Vorbereitung und den reibungslosen Ablauf von Urlaubs- und Gesch\u00e4ftsreisen erleichtern. F\u00fcr 192 Reiseziele werden Sicherheits- und Gesundheitsrisiken, entsprechende Vorsichtsma\u00dfnahmen, Einreise- und Aufenthaltsformalit\u00e4ten sowie n\u00fctzliche Informationen und Adressen aufgef\u00fchrt, die Sie kennen sollten. Die Reisehinweise werden regelm\u00e4\u00dfig aktualisiert.<\/li>\n\n\n\n<li>Die\u00a0<a href=\"https:\/\/fildariane.diplomatie.gouv.fr\/fildariane-internet\/accueil\" target=\"_blank\" rel=\"noreferrer noopener\">Ariadnefaden<\/a>\u00a0erm\u00f6glicht es Franzosen, die sich weniger als 6 Monate in einem Land aufhalten, per E-Mail oder SMS Warnmeldungen und Sicherheitshinweise in letzter Minute zu erhalten, wenn die Situation in dem besuchten Land dies rechtfertigt. Diese Warnungen k\u00f6nnen sich auf Natur-, Sicherheits- und Gesundheitsrisiken beziehen.<\/li>\n<\/ul>\n\n\n\n<p>\u2139\ufe0f Weitere Informationen :<\/p>\n\n\n\n<p><a href=\"https:\/\/fildariane.diplomatie.gouv.fr\/fildariane-internet\/accueil \" target=\"_blank\" rel=\"noopener\">https:\/\/fildariane.diplomatie.gouv.fr\/fildariane-internet\/accueil <\/a><\/p>\n\n\n\n<p><a href=\"https:\/\/www.diplomatie.gouv.fr\/fr\" target=\"_blank\" rel=\"noopener noreferrer nofollow\">https:\/\/www.diplomatie.gouv.fr\/fr<\/a><\/p>\n\n\n\n<div class=\"wp-block-group has-global-padding is-layout-constrained wp-block-group-is-layout-constrained\">\n<div class=\"wp-block-columns is-layout-flex wp-container-core-columns-is-layout-28f84493 wp-block-columns-is-layout-flex\">\n<div class=\"wp-block-column is-style-section-1 is-layout-flow wp-block-column-is-layout-flow is-style-section-1--1\" style=\"flex-basis:100%\">\n<div class=\"wp-block-columns is-layout-flex wp-container-core-columns-is-layout-28f84493 wp-block-columns-is-layout-flex\">\n<div class=\"wp-block-column is-layout-flow wp-block-column-is-layout-flow\"><\/div>\n\n\n\n<div class=\"wp-block-column is-layout-flow wp-block-column-is-layout-flow\"><\/div>\n<\/div>\n\n\n\n<div class=\"wp-block-columns is-layout-flex wp-container-core-columns-is-layout-28f84493 wp-block-columns-is-layout-flex\">\n<div class=\"wp-block-column is-layout-flow wp-block-column-is-layout-flow\">\n<figure class=\"wp-block-image size-full\"><img loading=\"lazy\" decoding=\"async\" width=\"603\" height=\"864\" src=\"https:\/\/www.villeneuve-les-beziers.fr\/wp-content\/uploads\/2025\/07\/image.png\" alt=\"\" class=\"wp-image-20173\" srcset=\"https:\/\/www.villeneuve-les-beziers.fr\/wp-content\/uploads\/2025\/07\/image.png 603w, https:\/\/www.villeneuve-les-beziers.fr\/wp-content\/uploads\/2025\/07\/image-209x300.png 209w, https:\/\/www.villeneuve-les-beziers.fr\/wp-content\/uploads\/2025\/07\/image-105x150.png 105w\" sizes=\"auto, (max-width: 603px) 100vw, 603px\" \/><\/figure>\n<\/div>\n\n\n\n<div class=\"wp-block-column is-layout-flow wp-block-column-is-layout-flow\">\n<figure class=\"wp-block-image size-full\"><img loading=\"lazy\" decoding=\"async\" width=\"619\" height=\"887\" src=\"https:\/\/www.villeneuve-les-beziers.fr\/wp-content\/uploads\/2025\/07\/image-1.png\" alt=\"\" class=\"wp-image-20174\" srcset=\"https:\/\/www.villeneuve-les-beziers.fr\/wp-content\/uploads\/2025\/07\/image-1.png 619w, https:\/\/www.villeneuve-les-beziers.fr\/wp-content\/uploads\/2025\/07\/image-1-209x300.png 209w, https:\/\/www.villeneuve-les-beziers.fr\/wp-content\/uploads\/2025\/07\/image-1-105x150.png 105w\" sizes=\"auto, (max-width: 619px) 100vw, 619px\" \/><\/figure>\n<\/div>\n<\/div>\n<\/div>\n<\/div>\n<\/div>\n\n\n\n<p><\/p>","protected":false},"excerpt":{"rendered":"<p>Le centre de crise et de soutien (CDCS) du minist\u00e8re de l\u2019Europe et des Affaires \u00e9trang\u00e8res (MEAE), Service actif 24h\/24 et 7j\/7, a notamment pour mission d\u2019assurer la protection des ressortissants fran\u00e7ais r\u00e9sidant ou voyageant \u00e0 l\u2019\u00e9tranger. Pour ce faire, il \u00e9labore et actualise en permanence des recommandations de s\u00e9curit\u00e9, qu\u2019il diffuse principalement au moyen [&hellip;]<\/p>\n","protected":false},"author":1,"featured_media":20175,"comment_status":"closed","ping_status":"closed","sticky":false,"template":"","format":"standard","meta":{"footnotes":""},"categories":[26],"tags":[],"class_list":["post-20172","post","type-post","status-publish","format-standard","has-post-thumbnail","hentry","category-a-la-une"],"_links":{"self":[{"href":"https:\/\/www.villeneuve-les-beziers.fr\/de\/wp-json\/wp\/v2\/posts\/20172","targetHints":{"allow":["GET"]}}],"collection":[{"href":"https:\/\/www.villeneuve-les-beziers.fr\/de\/wp-json\/wp\/v2\/posts"}],"about":[{"href":"https:\/\/www.villeneuve-les-beziers.fr\/de\/wp-json\/wp\/v2\/types\/post"}],"author":[{"embeddable":true,"href":"https:\/\/www.villeneuve-les-beziers.fr\/de\/wp-json\/wp\/v2\/users\/1"}],"replies":[{"embeddable":true,"href":"https:\/\/www.villeneuve-les-beziers.fr\/de\/wp-json\/wp\/v2\/comments?post=20172"}],"version-history":[{"count":1,"href":"https:\/\/www.villeneuve-les-beziers.fr\/de\/wp-json\/wp\/v2\/posts\/20172\/revisions"}],"predecessor-version":[{"id":20176,"href":"https:\/\/www.villeneuve-les-beziers.fr\/de\/wp-json\/wp\/v2\/posts\/20172\/revisions\/20176"}],"wp:featuredmedia":[{"embeddable":true,"href":"https:\/\/www.villeneuve-les-beziers.fr\/de\/wp-json\/wp\/v2\/media\/20175"}],"wp:attachment":[{"href":"https:\/\/www.villeneuve-les-beziers.fr\/de\/wp-json\/wp\/v2\/media?parent=20172"}],"wp:term":[{"taxonomy":"category","embeddable":true,"href":"https:\/\/www.villeneuve-les-beziers.fr\/de\/wp-json\/wp\/v2\/categories?post=20172"},{"taxonomy":"post_tag","embeddable":true,"href":"https:\/\/www.villeneuve-les-beziers.fr\/de\/wp-json\/wp\/v2\/tags?post=20172"}],"curies":[{"name":"wp","href":"https:\/\/api.w.org\/{rel}","templated":true}]}}