{"id":20219,"date":"2025-08-01T11:44:20","date_gmt":"2025-08-01T09:44:20","guid":{"rendered":"https:\/\/www.villeneuve-les-beziers.fr\/?p=20219"},"modified":"2025-08-01T12:04:07","modified_gmt":"2025-08-01T10:04:07","slug":"erzahl-mir-eine-geschichte","status":"publish","type":"post","link":"https:\/\/www.villeneuve-les-beziers.fr\/de\/a-la-une\/raconte-moi-une-histoire\/","title":{"rendered":"Erz\u00e4hlen Sie mir eine Geschichte!"},"content":{"rendered":"<p>Der \u00f6ffentliche Garten... Dies ist ein Ort, an dem die Kinder nicht da sind, um Geschichten zu h\u00f6ren, aber warum nicht? <\/p>\n\n\n\n<p>Sie sind hier, um zu spielen, die Eltern sind nicht weit entfernt, es ist ein Ort, den sie kennen.<\/p>\n\n\n\n<p>Eine originelle Art und Weise f\u00fcr Maria, den Kindern Geschichten zu erz\u00e4hlen... auf ihrem Spielplatz.&nbsp;<\/p>\n\n\n\n<p>Wir treffen uns am Freitag, den 8. August 2025 um 10 Uhr am Spielplatz Louis Dard\u00e9, um eine neue Geschichte zu erz\u00e4hlen!<\/p>\n\n\n\n<p>\u2139\ufe0f weitere Informationen bei der MJL \ud83d\udcde 0467394751<\/p>\n\n\n\n<figure class=\"wp-block-image aligncenter size-large is-resized\"><img loading=\"lazy\" decoding=\"async\" width=\"1024\" height=\"1013\" src=\"https:\/\/www.villeneuve-les-beziers.fr\/wp-content\/uploads\/2025\/08\/IMG_20250801_114018-2-1024x1013.jpg\" alt=\"\" class=\"wp-image-20221\" style=\"width:407px;height:auto\" srcset=\"https:\/\/www.villeneuve-les-beziers.fr\/wp-content\/uploads\/2025\/08\/IMG_20250801_114018-2-1024x1013.jpg 1024w, https:\/\/www.villeneuve-les-beziers.fr\/wp-content\/uploads\/2025\/08\/IMG_20250801_114018-2-300x297.jpg 300w, https:\/\/www.villeneuve-les-beziers.fr\/wp-content\/uploads\/2025\/08\/IMG_20250801_114018-2-150x148.jpg 150w, https:\/\/www.villeneuve-les-beziers.fr\/wp-content\/uploads\/2025\/08\/IMG_20250801_114018-2-768x760.jpg 768w, https:\/\/www.villeneuve-les-beziers.fr\/wp-content\/uploads\/2025\/08\/IMG_20250801_114018-2-1536x1520.jpg 1536w, https:\/\/www.villeneuve-les-beziers.fr\/wp-content\/uploads\/2025\/08\/IMG_20250801_114018-2-2048x2026.jpg 2048w\" sizes=\"auto, (max-width: 1024px) 100vw, 1024px\" \/><\/figure>","protected":false},"excerpt":{"rendered":"<p>Le jardin public&#8230; Voici un lieu o\u00f9 les enfants ne sont pas l\u00e0 pour \u00e9couter des histoires, mais pourquoi pas ? Ils sont l\u00e0 pour jouer, les parents ne sont pas loin, c&rsquo;est un lieu qu&rsquo;ils connaissent. Une mani\u00e8re originale pour Maria de raconter des histoires aux enfants&#8230; sur leur terrain de jeux.&nbsp; Rendez-vous vendredi [&hellip;]<\/p>\n","protected":false},"author":1,"featured_media":5720,"comment_status":"closed","ping_status":"closed","sticky":false,"template":"","format":"standard","meta":{"footnotes":""},"categories":[26],"tags":[],"class_list":["post-20219","post","type-post","status-publish","format-standard","has-post-thumbnail","hentry","category-a-la-une"],"_links":{"self":[{"href":"https:\/\/www.villeneuve-les-beziers.fr\/de\/wp-json\/wp\/v2\/posts\/20219","targetHints":{"allow":["GET"]}}],"collection":[{"href":"https:\/\/www.villeneuve-les-beziers.fr\/de\/wp-json\/wp\/v2\/posts"}],"about":[{"href":"https:\/\/www.villeneuve-les-beziers.fr\/de\/wp-json\/wp\/v2\/types\/post"}],"author":[{"embeddable":true,"href":"https:\/\/www.villeneuve-les-beziers.fr\/de\/wp-json\/wp\/v2\/users\/1"}],"replies":[{"embeddable":true,"href":"https:\/\/www.villeneuve-les-beziers.fr\/de\/wp-json\/wp\/v2\/comments?post=20219"}],"version-history":[{"count":2,"href":"https:\/\/www.villeneuve-les-beziers.fr\/de\/wp-json\/wp\/v2\/posts\/20219\/revisions"}],"predecessor-version":[{"id":20224,"href":"https:\/\/www.villeneuve-les-beziers.fr\/de\/wp-json\/wp\/v2\/posts\/20219\/revisions\/20224"}],"wp:featuredmedia":[{"embeddable":true,"href":"https:\/\/www.villeneuve-les-beziers.fr\/de\/wp-json\/wp\/v2\/media\/5720"}],"wp:attachment":[{"href":"https:\/\/www.villeneuve-les-beziers.fr\/de\/wp-json\/wp\/v2\/media?parent=20219"}],"wp:term":[{"taxonomy":"category","embeddable":true,"href":"https:\/\/www.villeneuve-les-beziers.fr\/de\/wp-json\/wp\/v2\/categories?post=20219"},{"taxonomy":"post_tag","embeddable":true,"href":"https:\/\/www.villeneuve-les-beziers.fr\/de\/wp-json\/wp\/v2\/tags?post=20219"}],"curies":[{"name":"wp","href":"https:\/\/api.w.org\/{rel}","templated":true}]}}