{"id":20503,"date":"2025-11-26T16:36:38","date_gmt":"2025-11-26T15:36:38","guid":{"rendered":"https:\/\/www.villeneuve-les-beziers.fr\/?p=20503"},"modified":"2025-11-26T16:41:54","modified_gmt":"2025-11-26T15:41:54","slug":"telethon-2025-villeneuve-les-beziers-engagiert-sich","status":"publish","type":"post","link":"https:\/\/www.villeneuve-les-beziers.fr\/de\/a-la-une\/telethon-2025-villeneuve-les-beziers-se-mobilise\/","title":{"rendered":"Telethon 2025: Villeneuve-l\u00e8s-B\u00e9ziers engagiert sich."},"content":{"rendered":"<p>Vom 5. bis zum 7. Dezember 2025 finden im Espace des Libert\u00e9s G\u00e9rard Saumade im Rahmen des Telethons zahlreiche Veranstaltungen statt.<\/p>\n\n\n\n<p>In diesem Jahr steht \u201cBooste ta Commune\u201d im Mittelpunkt der Aktivit\u00e4ten der Gemeinde und der Vereine, eine solidarische Herausforderung zugunsten des Telethons.<\/p>\n\n\n\n<p><img loading=\"lazy\" decoding=\"async\" height=\"16\" width=\"16\" src=\"https:\/\/static.xx.fbcdn.net\/images\/emoji.php\/v9\/tf4\/1\/16\/2728.png\" alt=\"\u2728\"> In Anwesenheit des Patens des Telethons 2025: Romain Abellan<\/p>\n\n\n\n<p>Auf dem Programm stehen :<\/p>\n\n\n\n<p><img loading=\"lazy\" decoding=\"async\" height=\"16\" width=\"16\" alt=\"\ud83c\udfc5\" src=\"https:\/\/static.xx.fbcdn.net\/images\/emoji.php\/v9\/t3d\/1\/16\/1f3c5.png\"> Sportvorf\u00fchrungen<\/p>\n\n\n\n<p><img loading=\"lazy\" decoding=\"async\" height=\"16\" width=\"16\" alt=\"\ud83c\udfad\" src=\"https:\/\/static.xx.fbcdn.net\/images\/emoji.php\/v9\/tae\/1\/16\/1f3ad.png\"> Veranstaltungen<\/p>\n\n\n\n<p><img loading=\"lazy\" decoding=\"async\" height=\"16\" width=\"16\" alt=\"\ud83c\udfac\" src=\"https:\/\/static.xx.fbcdn.net\/images\/emoji.php\/v9\/t2d\/1\/16\/1f3ac.png\"> Theaterst\u00fcck<\/p>\n\n\n\n<p><img loading=\"lazy\" decoding=\"async\" height=\"16\" width=\"16\" alt=\"\ud83c\udfb2\" src=\"https:\/\/static.xx.fbcdn.net\/images\/emoji.php\/v9\/t1b\/1\/16\/1f3b2.png\"> Bingo und andere Veranstaltungen<\/p>\n\n\n\n<p><img loading=\"lazy\" decoding=\"async\" height=\"16\" width=\"16\" alt=\"\ud83c\udf7b\" src=\"https:\/\/static.xx.fbcdn.net\/images\/emoji.php\/v9\/t96\/1\/16\/1f37b.png\"> Getr\u00e4nke- und Speisenverkauf<\/p>\n\n\n\n<p>Und au\u00dferdem:<\/p>\n\n\n\n<p><img loading=\"lazy\" decoding=\"async\" height=\"16\" width=\"16\" alt=\"\ud83e\udde2\" src=\"https:\/\/static.xx.fbcdn.net\/images\/emoji.php\/v9\/t7e\/1\/16\/1f9e2.png\"> Verkauf von M\u00fctzen f\u00fcr den Telethon (5 \u20ac) \u2013 am 5. und 6. Dezember im Festsaal<\/p>\n\n\n\n<p><img loading=\"lazy\" decoding=\"async\" height=\"16\" width=\"16\" alt=\"\ud83c\udf9f\ufe0f\" src=\"https:\/\/static.xx.fbcdn.net\/images\/emoji.php\/v9\/td8\/1\/16\/1f39f.png\"> Telethon-Tombola \u2013 1 Los = 2 \u20ac<\/p>\n\n\n\n<p><img loading=\"lazy\" decoding=\"async\" height=\"16\" width=\"16\" alt=\"\ud83c\udf6f\" src=\"https:\/\/static.xx.fbcdn.net\/images\/emoji.php\/v9\/tfb\/1\/16\/1f36f.png\"> Verkauf von Honig aus den Bienenst\u00f6cken von Villeneuve-l\u00e8s-B\u00e9ziers \u2013 3 \u20ac pro Glas (im November und Dezember in der Mediathek Jean Laur\u00e8s)<\/p>\n\n\n\n<p><img loading=\"lazy\" decoding=\"async\" height=\"16\" width=\"16\" src=\"https:\/\/static.xx.fbcdn.net\/images\/emoji.php\/v9\/t80\/1\/16\/1f64f.png\" alt=\"\ud83d\ude4f\"> Alle Einnahmen werden an den Telethon gespendet (mit Ausnahme des Flohmarkts zugunsten der Krebsliga).<\/p>\n\n\n\n<p>Lassen Sie uns gemeinsam aktiv werden, um die Forschung zu unterst\u00fctzen und die Solidarit\u00e4t zu f\u00f6rdern.<\/p>\n\n\n\n<p>Das vollst\u00e4ndige Programm finden Sie hier \ud83d\udc47<\/p>\n\n\n\n<div class=\"wp-block-columns is-layout-flex wp-container-core-columns-is-layout-28f84493 wp-block-columns-is-layout-flex\">\n<div class=\"wp-block-column is-layout-flow wp-block-column-is-layout-flow\">\n<figure class=\"wp-block-image size-full\"><img loading=\"lazy\" decoding=\"async\" width=\"624\" height=\"895\" src=\"https:\/\/www.villeneuve-les-beziers.fr\/wp-content\/uploads\/2025\/11\/t1.png\" alt=\"\" class=\"wp-image-20507\" srcset=\"https:\/\/www.villeneuve-les-beziers.fr\/wp-content\/uploads\/2025\/11\/t1.png 624w, https:\/\/www.villeneuve-les-beziers.fr\/wp-content\/uploads\/2025\/11\/t1-209x300.png 209w, https:\/\/www.villeneuve-les-beziers.fr\/wp-content\/uploads\/2025\/11\/t1-105x150.png 105w\" sizes=\"auto, (max-width: 624px) 100vw, 624px\" \/><\/figure>\n<\/div>\n\n\n\n<div class=\"wp-block-column is-layout-flow wp-block-column-is-layout-flow\">\n<figure class=\"wp-block-image size-full\"><img loading=\"lazy\" decoding=\"async\" width=\"626\" height=\"897\" src=\"https:\/\/www.villeneuve-les-beziers.fr\/wp-content\/uploads\/2025\/11\/t2.png\" alt=\"\" class=\"wp-image-20508\" srcset=\"https:\/\/www.villeneuve-les-beziers.fr\/wp-content\/uploads\/2025\/11\/t2.png 626w, https:\/\/www.villeneuve-les-beziers.fr\/wp-content\/uploads\/2025\/11\/t2-209x300.png 209w, https:\/\/www.villeneuve-les-beziers.fr\/wp-content\/uploads\/2025\/11\/t2-105x150.png 105w\" sizes=\"auto, (max-width: 626px) 100vw, 626px\" \/><\/figure>\n<\/div>\n\n\n\n<div class=\"wp-block-column is-layout-flow wp-block-column-is-layout-flow\">\n<figure class=\"wp-block-image size-full\"><img loading=\"lazy\" decoding=\"async\" width=\"618\" height=\"891\" src=\"https:\/\/www.villeneuve-les-beziers.fr\/wp-content\/uploads\/2025\/11\/t3.png\" alt=\"\" class=\"wp-image-20509\" srcset=\"https:\/\/www.villeneuve-les-beziers.fr\/wp-content\/uploads\/2025\/11\/t3.png 618w, https:\/\/www.villeneuve-les-beziers.fr\/wp-content\/uploads\/2025\/11\/t3-208x300.png 208w, https:\/\/www.villeneuve-les-beziers.fr\/wp-content\/uploads\/2025\/11\/t3-104x150.png 104w\" sizes=\"auto, (max-width: 618px) 100vw, 618px\" \/><\/figure>\n<\/div>\n<\/div>\n\n\n\n<div class=\"wp-block-columns is-layout-flex wp-container-core-columns-is-layout-28f84493 wp-block-columns-is-layout-flex\">\n<div class=\"wp-block-column is-layout-flow wp-block-column-is-layout-flow\">\n<figure class=\"wp-block-image size-full\"><img loading=\"lazy\" decoding=\"async\" width=\"618\" height=\"892\" src=\"https:\/\/www.villeneuve-les-beziers.fr\/wp-content\/uploads\/2025\/11\/t4.png\" alt=\"\" class=\"wp-image-20510\" srcset=\"https:\/\/www.villeneuve-les-beziers.fr\/wp-content\/uploads\/2025\/11\/t4.png 618w, https:\/\/www.villeneuve-les-beziers.fr\/wp-content\/uploads\/2025\/11\/t4-208x300.png 208w, https:\/\/www.villeneuve-les-beziers.fr\/wp-content\/uploads\/2025\/11\/t4-104x150.png 104w\" sizes=\"auto, (max-width: 618px) 100vw, 618px\" \/><\/figure>\n<\/div>\n\n\n\n<div class=\"wp-block-column is-layout-flow wp-block-column-is-layout-flow\">\n<figure class=\"wp-block-image size-full\"><img loading=\"lazy\" decoding=\"async\" width=\"629\" height=\"897\" src=\"https:\/\/www.villeneuve-les-beziers.fr\/wp-content\/uploads\/2025\/11\/t5.png\" alt=\"\" class=\"wp-image-20511\" srcset=\"https:\/\/www.villeneuve-les-beziers.fr\/wp-content\/uploads\/2025\/11\/t5.png 629w, https:\/\/www.villeneuve-les-beziers.fr\/wp-content\/uploads\/2025\/11\/t5-210x300.png 210w, https:\/\/www.villeneuve-les-beziers.fr\/wp-content\/uploads\/2025\/11\/t5-105x150.png 105w\" sizes=\"auto, (max-width: 629px) 100vw, 629px\" \/><\/figure>\n<\/div>\n\n\n\n<div class=\"wp-block-column is-layout-flow wp-block-column-is-layout-flow\">\n<figure class=\"wp-block-image size-full\"><img loading=\"lazy\" decoding=\"async\" width=\"627\" height=\"892\" src=\"https:\/\/www.villeneuve-les-beziers.fr\/wp-content\/uploads\/2025\/11\/t6.png\" alt=\"\" class=\"wp-image-20512\" srcset=\"https:\/\/www.villeneuve-les-beziers.fr\/wp-content\/uploads\/2025\/11\/t6.png 627w, https:\/\/www.villeneuve-les-beziers.fr\/wp-content\/uploads\/2025\/11\/t6-211x300.png 211w, https:\/\/www.villeneuve-les-beziers.fr\/wp-content\/uploads\/2025\/11\/t6-105x150.png 105w\" sizes=\"auto, (max-width: 627px) 100vw, 627px\" \/><\/figure>\n<\/div>\n<\/div>","protected":false},"excerpt":{"rendered":"<p>Du 5 au 7 d\u00e9cembre 2025, l\u2019Espace des Libert\u00e9s G\u00e9rard Saumade accueillera de nombreuses animations dans le cadre du T\u00e9l\u00e9thon. Cette ann\u00e9e, \u201cBooste ta Commune\u201d, est au centre des actions de la municipalit\u00e9 et des associations, un d\u00e9fi solidaire au profit du T\u00e9l\u00e9thon. En pr\u00e9sence du parrain du T\u00e9l\u00e9thon 2025 : Romain Abellan Au programme [&hellip;]<\/p>\n","protected":false},"author":1,"featured_media":20504,"comment_status":"closed","ping_status":"closed","sticky":false,"template":"","format":"standard","meta":{"footnotes":""},"categories":[26],"tags":[],"class_list":["post-20503","post","type-post","status-publish","format-standard","has-post-thumbnail","hentry","category-a-la-une"],"_links":{"self":[{"href":"https:\/\/www.villeneuve-les-beziers.fr\/de\/wp-json\/wp\/v2\/posts\/20503","targetHints":{"allow":["GET"]}}],"collection":[{"href":"https:\/\/www.villeneuve-les-beziers.fr\/de\/wp-json\/wp\/v2\/posts"}],"about":[{"href":"https:\/\/www.villeneuve-les-beziers.fr\/de\/wp-json\/wp\/v2\/types\/post"}],"author":[{"embeddable":true,"href":"https:\/\/www.villeneuve-les-beziers.fr\/de\/wp-json\/wp\/v2\/users\/1"}],"replies":[{"embeddable":true,"href":"https:\/\/www.villeneuve-les-beziers.fr\/de\/wp-json\/wp\/v2\/comments?post=20503"}],"version-history":[{"count":2,"href":"https:\/\/www.villeneuve-les-beziers.fr\/de\/wp-json\/wp\/v2\/posts\/20503\/revisions"}],"predecessor-version":[{"id":20513,"href":"https:\/\/www.villeneuve-les-beziers.fr\/de\/wp-json\/wp\/v2\/posts\/20503\/revisions\/20513"}],"wp:featuredmedia":[{"embeddable":true,"href":"https:\/\/www.villeneuve-les-beziers.fr\/de\/wp-json\/wp\/v2\/media\/20504"}],"wp:attachment":[{"href":"https:\/\/www.villeneuve-les-beziers.fr\/de\/wp-json\/wp\/v2\/media?parent=20503"}],"wp:term":[{"taxonomy":"category","embeddable":true,"href":"https:\/\/www.villeneuve-les-beziers.fr\/de\/wp-json\/wp\/v2\/categories?post=20503"},{"taxonomy":"post_tag","embeddable":true,"href":"https:\/\/www.villeneuve-les-beziers.fr\/de\/wp-json\/wp\/v2\/tags?post=20503"}],"curies":[{"name":"wp","href":"https:\/\/api.w.org\/{rel}","templated":true}]}}