{"id":6802,"date":"2022-03-25T15:09:01","date_gmt":"2022-03-25T14:09:01","guid":{"rendered":"https:\/\/www.villeneuve-les-beziers.fr\/?p=6802"},"modified":"2022-03-25T16:23:08","modified_gmt":"2022-03-25T15:23:08","slug":"%f0%9d%97%9a%f0%9d%98%82%f0%9d%98%86-%f0%9d%97%94%f0%9d%97%a0%f0%9d%97%94%f0%9d%97%9f%f0%9d%97%99%f0%9d%97%9c%f0%9d%97%a7%f0%9d%97%9c%f0%9d%97%a1%f0%9d%97%a2-%f0%9d%97%ae-%f0%9d%97%a9","status":"publish","type":"post","link":"https:\/\/www.villeneuve-les-beziers.fr\/de\/a-la-une\/%f0%9d%97%9a%f0%9d%98%82%f0%9d%98%86-%f0%9d%97%94%f0%9d%97%a0%f0%9d%97%94%f0%9d%97%9f%f0%9d%97%99%f0%9d%97%9c%f0%9d%97%a7%f0%9d%97%9c%f0%9d%97%a1%f0%9d%97%a2-%f0%9d%97%ae-%f0%9d%97%a9\/","title":{"rendered":"Guy Amalfitano in Villeneuve-l\u00e8s-B\u00e9ziers"},"content":{"rendered":"<div class=\"kvgmc6g5 cxmmr5t8 oygrvhab hcukyx3x c1et5uql ii04i59q\">\n<div dir=\"auto\"><span class=\"pq6dq46d tbxw36s4 knj5qynh kvgmc6g5 ditlmg2l oygrvhab nvdbi5me sf5mxxl7 gl3lb2sf hhz5lgdu\"><img loading=\"lazy\" decoding=\"async\" src=\"https:\/\/static.xx.fbcdn.net\/images\/emoji.php\/v9\/tda\/2\/16\/1f3c3.png\" alt=\"\ud83c\udfc3\" width=\"16\" height=\"16\" \/><\/span>\ud835\uddda\ud835\ude02\ud835\ude06 \ud835\uddd4\ud835\udde0\ud835\uddd4\ud835\udddf\ud835\uddd9\ud835\udddc\ud835\udde7\ud835\udddc\ud835\udde1\ud835\udde2 \ud835\uddee\u0300 \ud835\udde9\ud835\uddf6\ud835\uddf9\ud835\uddf9\ud835\uddf2\ud835\uddfb\ud835\uddf2\ud835\ude02\ud835\ude03\ud835\uddf2-\ud835\uddf9\ud835\uddf2\u0300\ud835\ude00-\ud835\uddd5\ud835\uddf2\u0301\ud835\ude07\ud835\uddf6\ud835\uddf2\ud835\uddff\ud835\ude00 \ud835\uddf0\ud835\uddf2 \ud835\uddf1\ud835\uddf6\ud835\uddfa\ud835\uddee\ud835\uddfb\ud835\uddf0\ud835\uddf5\ud835\uddf2 \ud835\udfee\ud835\udff3 \ud835\uddfa\ud835\uddee\ud835\uddff\ud835\ude00 \ud835\uddee\u0300 \ud835\udfed\ud835\udff3\ud835\uddf5\ud835\udfef\ud835\udfec.<br \/><br \/><\/div>\n<\/div>\n<div class=\"cxmmr5t8 oygrvhab hcukyx3x c1et5uql o9v6fnle ii04i59q\">\n<div dir=\"auto\"><span class=\"pq6dq46d tbxw36s4 knj5qynh kvgmc6g5 ditlmg2l oygrvhab nvdbi5me sf5mxxl7 gl3lb2sf hhz5lgdu\"><img loading=\"lazy\" decoding=\"async\" src=\"https:\/\/static.xx.fbcdn.net\/images\/emoji.php\/v9\/tf0\/2\/16\/1f449.png\" alt=\"\ud83d\udc49\" width=\"16\" height=\"16\" \/><\/span> Guy AMALFITINO, einbeiniger Athlet, startete letzte Woche zu seiner dritten solidarischen Tour de France.<\/div>\n<\/div>\n<div class=\"cxmmr5t8 oygrvhab hcukyx3x c1et5uql o9v6fnle ii04i59q\">\n<div dir=\"auto\"><span class=\"pq6dq46d tbxw36s4 knj5qynh kvgmc6g5 ditlmg2l oygrvhab nvdbi5me sf5mxxl7 gl3lb2sf hhz5lgdu\"><img loading=\"lazy\" decoding=\"async\" src=\"https:\/\/static.xx.fbcdn.net\/images\/emoji.php\/v9\/tf0\/2\/16\/1f449.png\" alt=\"\ud83d\udc49\" width=\"16\" height=\"16\" \/><\/span> Die Herausforderung besteht darin, 12 Regionen des Hexagons an 100 aufeinanderfolgenden Tagen auf einem Bein laufend zu durchqueren und dabei eine Gesamtstrecke von 5.000 km zur\u00fcckzulegen. Ziel ist es, Geld f\u00fcr eine Organisation oder eine Stiftung in jeder Region zu sammeln.<\/div>\n<div dir=\"auto\">In Okzitanien wurde die Vereinigung von Kriegsveteranen und Kriegsverletzten \"Soutenir toujours\" ausgew\u00e4hlt, die Kriegsverletzte in Sportkursen ausstatten kann.<br \/><br \/><\/div>\n<\/div>\n<div class=\"cxmmr5t8 oygrvhab hcukyx3x c1et5uql o9v6fnle ii04i59q\">\n<div dir=\"auto\"><span class=\"pq6dq46d tbxw36s4 knj5qynh kvgmc6g5 ditlmg2l oygrvhab nvdbi5me sf5mxxl7 gl3lb2sf hhz5lgdu\"><img loading=\"lazy\" decoding=\"async\" src=\"https:\/\/static.xx.fbcdn.net\/images\/emoji.php\/v9\/t9e\/2\/16\/1f4c6.png\" alt=\"\ud83d\udcc6\" width=\"16\" height=\"16\" \/><\/span><span class=\"pq6dq46d tbxw36s4 knj5qynh kvgmc6g5 ditlmg2l oygrvhab nvdbi5me sf5mxxl7 gl3lb2sf hhz5lgdu\"><img loading=\"lazy\" decoding=\"async\" src=\"https:\/\/static.xx.fbcdn.net\/images\/emoji.php\/v9\/tcc\/2\/16\/1f4cd.png\" alt=\"\ud83d\udccd\" width=\"16\" height=\"16\" \/><\/span>Er wird in Villeneuve-l\u00e8s-B\u00e9ziers am heutigen \ud835\udc1d\ud835\udc22\ud835\udc26\ud835\udc1a\ud835\udc27\ud835\udc1c\ud835\udc21\ud835\udc1e \ud835\udfee\ud835\udfd5 \ud835\udc26\ud835\udc1a\ud835\udc2b\ud835\udc2c \ud835\udfd0\ud835\udfce\ud835\udfd0\ud835\udfd0 bei einer geplanten Ankunft zwischen \ud835\udfcf\ud835\udfd5\ud835\udc21\ud835\udfd1\ud835\udfce \ud835\udc1e\ud835\udc2d \ud835\udfcf\ud835\udfd6\ud835\udc21 am Pierre-Paul Riquet-Saal Station machen.<br \/><br \/><\/div>\n<\/div>\n<div class=\"cxmmr5t8 oygrvhab hcukyx3x c1et5uql o9v6fnle ii04i59q\">\n<div dir=\"auto\"><span class=\"pq6dq46d tbxw36s4 knj5qynh kvgmc6g5 ditlmg2l oygrvhab nvdbi5me sf5mxxl7 gl3lb2sf hhz5lgdu\"><img loading=\"lazy\" decoding=\"async\" src=\"https:\/\/static.xx.fbcdn.net\/images\/emoji.php\/v9\/tf0\/2\/16\/1f449.png\" alt=\"\ud83d\udc49\" width=\"16\" height=\"16\" \/><\/span>Wir erwarten Sie zahlreich, um ihn bei diesem Abenteuer zu unterst\u00fctzen und ihn herzlich willkommen zu hei\u00dfen. Die Leistung von Guy Amalfitino wird vielleicht auch den Weltrekord f\u00fcr die l\u00e4ngste Strecke, die auf einem Bein in 100 aufeinander folgenden Tagen zur\u00fcckgelegt wurde, best\u00e4tigen.<\/div>\n<\/div>","protected":false},"excerpt":{"rendered":"","protected":false},"author":1,"featured_media":6803,"comment_status":"closed","ping_status":"closed","sticky":false,"template":"","format":"standard","meta":{"footnotes":""},"categories":[26],"tags":[],"class_list":["post-6802","post","type-post","status-publish","format-standard","has-post-thumbnail","hentry","category-a-la-une"],"_links":{"self":[{"href":"https:\/\/www.villeneuve-les-beziers.fr\/de\/wp-json\/wp\/v2\/posts\/6802","targetHints":{"allow":["GET"]}}],"collection":[{"href":"https:\/\/www.villeneuve-les-beziers.fr\/de\/wp-json\/wp\/v2\/posts"}],"about":[{"href":"https:\/\/www.villeneuve-les-beziers.fr\/de\/wp-json\/wp\/v2\/types\/post"}],"author":[{"embeddable":true,"href":"https:\/\/www.villeneuve-les-beziers.fr\/de\/wp-json\/wp\/v2\/users\/1"}],"replies":[{"embeddable":true,"href":"https:\/\/www.villeneuve-les-beziers.fr\/de\/wp-json\/wp\/v2\/comments?post=6802"}],"version-history":[{"count":0,"href":"https:\/\/www.villeneuve-les-beziers.fr\/de\/wp-json\/wp\/v2\/posts\/6802\/revisions"}],"wp:featuredmedia":[{"embeddable":true,"href":"https:\/\/www.villeneuve-les-beziers.fr\/de\/wp-json\/wp\/v2\/media\/6803"}],"wp:attachment":[{"href":"https:\/\/www.villeneuve-les-beziers.fr\/de\/wp-json\/wp\/v2\/media?parent=6802"}],"wp:term":[{"taxonomy":"category","embeddable":true,"href":"https:\/\/www.villeneuve-les-beziers.fr\/de\/wp-json\/wp\/v2\/categories?post=6802"},{"taxonomy":"post_tag","embeddable":true,"href":"https:\/\/www.villeneuve-les-beziers.fr\/de\/wp-json\/wp\/v2\/tags?post=6802"}],"curies":[{"name":"wp","href":"https:\/\/api.w.org\/{rel}","templated":true}]}}