{"id":6842,"date":"2022-04-21T11:10:00","date_gmt":"2022-04-21T09:10:00","guid":{"rendered":"https:\/\/www.villeneuve-les-beziers.fr\/?p=6842"},"modified":"2022-04-25T15:37:44","modified_gmt":"2022-04-25T13:37:44","slug":"prasidentschaftswahlen-2022","status":"publish","type":"post","link":"https:\/\/www.villeneuve-les-beziers.fr\/de\/a-la-une\/elections-presidentielles-2022\/","title":{"rendered":"Ergebnisse der Pr\u00e4sidentschaftswahlen 2022"},"content":{"rendered":"<div class=\"kvgmc6g5 cxmmr5t8 oygrvhab hcukyx3x c1et5uql ii04i59q\">\n<div dir=\"auto\">&nbsp;<\/div>\n<\/div>\n<div class=\"cxmmr5t8 oygrvhab hcukyx3x c1et5uql o9v6fnle ii04i59q\">\n<div dir=\"auto\"><span class=\"pq6dq46d tbxw36s4 knj5qynh kvgmc6g5 ditlmg2l oygrvhab nvdbi5me sf5mxxl7 gl3lb2sf hhz5lgdu\"><img loading=\"lazy\" decoding=\"async\" src=\"https:\/\/static.xx.fbcdn.net\/images\/emoji.php\/v9\/t39\/2\/16\/1f5f3.png\" alt=\"\ud83d\uddf3\" width=\"16\" height=\"16\"><\/span> Ergebnisse des zweiten Wahlgangs in Villeneuve-l\u00e8s-B\u00e9ziers <span class=\"pq6dq46d tbxw36s4 knj5qynh kvgmc6g5 ditlmg2l oygrvhab nvdbi5me sf5mxxl7 gl3lb2sf hhz5lgdu\"><img loading=\"lazy\" decoding=\"async\" src=\"https:\/\/static.xx.fbcdn.net\/images\/emoji.php\/v9\/tee\/2\/16\/1f447.png\" alt=\"\ud83d\udc47\" width=\"16\" height=\"16\"><\/span><\/div>\n<div dir=\"auto\">&nbsp;<\/div>\n<\/div>\n<div class=\"cxmmr5t8 oygrvhab hcukyx3x c1et5uql o9v6fnle ii04i59q\">\n<div dir=\"auto\">Frau Marine LE PEN - 65,94%<\/div>\n<div dir=\"auto\">Herr Emmanuel MACRON - 34,06%<\/div>\n<\/div>\n<h3><a href=\"https:\/\/www.villeneuve-les-beziers.fr\/wp-content\/uploads\/2022\/04\/Capture-decran-2022-04-25-a-10.26.29.png\"><img loading=\"lazy\" decoding=\"async\" class=\"aligncenter wp-image-8741\" src=\"https:\/\/www.villeneuve-les-beziers.fr\/wp-content\/uploads\/2022\/04\/Capture-decran-2022-04-25-a-10.26.29-300x227.png\" alt=\"\" width=\"603\" height=\"456\" srcset=\"https:\/\/www.villeneuve-les-beziers.fr\/wp-content\/uploads\/2022\/04\/Capture-decran-2022-04-25-a-10.26.29-300x227.png 300w, https:\/\/www.villeneuve-les-beziers.fr\/wp-content\/uploads\/2022\/04\/Capture-decran-2022-04-25-a-10.26.29-1024x776.png 1024w, https:\/\/www.villeneuve-les-beziers.fr\/wp-content\/uploads\/2022\/04\/Capture-decran-2022-04-25-a-10.26.29-768x582.png 768w, https:\/\/www.villeneuve-les-beziers.fr\/wp-content\/uploads\/2022\/04\/Capture-decran-2022-04-25-a-10.26.29-1536x1164.png 1536w, https:\/\/www.villeneuve-les-beziers.fr\/wp-content\/uploads\/2022\/04\/Capture-decran-2022-04-25-a-10.26.29-24x18.png 24w, https:\/\/www.villeneuve-les-beziers.fr\/wp-content\/uploads\/2022\/04\/Capture-decran-2022-04-25-a-10.26.29-36x27.png 36w, https:\/\/www.villeneuve-les-beziers.fr\/wp-content\/uploads\/2022\/04\/Capture-decran-2022-04-25-a-10.26.29-48x36.png 48w, https:\/\/www.villeneuve-les-beziers.fr\/wp-content\/uploads\/2022\/04\/Capture-decran-2022-04-25-a-10.26.29.png 1570w\" sizes=\"auto, (max-width: 603px) 100vw, 603px\" \/><\/a><\/h3>\n<h3>Der Wahlkalender<\/h3>\n<p>Die Pr\u00e4sidentschaftswahlen finden an den Sonntagen 10. und 24. April 2022 statt:<\/p>\n<ul>\n<li>2. Wahlgang: Sonntag, den 24. April 2022<\/li>\n<\/ul>\n<h3>\u26a0\ufe0f Um einen reibungslosen Ablauf zu gew\u00e4hrleisten, werden Sie gebeten, die Wahllokale nach M\u00f6glichkeit zu Zeiten aufzusuchen, in denen der Andrang am geringsten ist: 8.00-9.30 Uhr oder 14.00-19.00 Uhr.<\/h3>\n<h3>Sie k\u00f6nnen nicht zum Wahllokal gehen?<\/h3>\n<h4>Denken Sie an die Wahl durch einen Bevollm\u00e4chtigten.<\/h4>\n<p>Beantragen Sie eine Vollmacht mit dem Online-Service <strong><a href=\"https:\/\/www.maprocuration.gouv.fr\/\" target=\"_blank\" rel=\"noopener noreferrer nofollow\">Maprocuration<\/a><\/strong><\/p>\n<p>Sie m\u00fcssen diese dann durch Sie best\u00e4tigen lassen. <strong>die sich physisch zu einer Polizeistation, einer Gendarmeriebrigade oder einem Konsulat begeben.<\/strong>Innerhalb von zwei Monaten nach dem Tag, an dem das Gesetz in Kraft tritt, wird das Gesetz in Kraft treten.<br>Sie m\u00fcssen dann Folgendes mitbringen<strong>einen Identit\u00e4tsnachweis<\/strong> und pr\u00e4sentieren Sie Ihren <strong>Registrierungsreferenz \"Maprocuration\".<\/strong>.<\/p>\n<h3>Listen der Wahllokale<\/h3>\n<p>Die Wahllokale 1, 2 und 3 befinden sich im Espace des Libert\u00e9s G\u00e9rard-Saumade und sind von 08.00 bis 19.00 Uhr ge\u00f6ffnet.<\/p>","protected":false},"excerpt":{"rendered":"<p>Ergebnisse des zweiten Wahlgangs in Villeneuve-l\u00e8s-B\u00e9ziers<\/p>","protected":false},"author":1,"featured_media":6843,"comment_status":"closed","ping_status":"closed","sticky":false,"template":"","format":"standard","meta":{"footnotes":""},"categories":[26],"tags":[],"class_list":["post-6842","post","type-post","status-publish","format-standard","has-post-thumbnail","hentry","category-a-la-une"],"_links":{"self":[{"href":"https:\/\/www.villeneuve-les-beziers.fr\/de\/wp-json\/wp\/v2\/posts\/6842","targetHints":{"allow":["GET"]}}],"collection":[{"href":"https:\/\/www.villeneuve-les-beziers.fr\/de\/wp-json\/wp\/v2\/posts"}],"about":[{"href":"https:\/\/www.villeneuve-les-beziers.fr\/de\/wp-json\/wp\/v2\/types\/post"}],"author":[{"embeddable":true,"href":"https:\/\/www.villeneuve-les-beziers.fr\/de\/wp-json\/wp\/v2\/users\/1"}],"replies":[{"embeddable":true,"href":"https:\/\/www.villeneuve-les-beziers.fr\/de\/wp-json\/wp\/v2\/comments?post=6842"}],"version-history":[{"count":0,"href":"https:\/\/www.villeneuve-les-beziers.fr\/de\/wp-json\/wp\/v2\/posts\/6842\/revisions"}],"wp:featuredmedia":[{"embeddable":true,"href":"https:\/\/www.villeneuve-les-beziers.fr\/de\/wp-json\/wp\/v2\/media\/6843"}],"wp:attachment":[{"href":"https:\/\/www.villeneuve-les-beziers.fr\/de\/wp-json\/wp\/v2\/media?parent=6842"}],"wp:term":[{"taxonomy":"category","embeddable":true,"href":"https:\/\/www.villeneuve-les-beziers.fr\/de\/wp-json\/wp\/v2\/categories?post=6842"},{"taxonomy":"post_tag","embeddable":true,"href":"https:\/\/www.villeneuve-les-beziers.fr\/de\/wp-json\/wp\/v2\/tags?post=6842"}],"curies":[{"name":"wp","href":"https:\/\/api.w.org\/{rel}","templated":true}]}}