{"id":19000,"date":"2024-11-20T11:48:57","date_gmt":"2024-11-20T10:48:57","guid":{"rendered":"https:\/\/www.villeneuve-les-beziers.fr\/?p=19000"},"modified":"2024-11-20T11:48:57","modified_gmt":"2024-11-20T10:48:57","slug":"solidarity-weekend-at-the-villeneuve-les-beziers-carrefour-market","status":"publish","type":"post","link":"https:\/\/www.villeneuve-les-beziers.fr\/en\/a-la-une\/week-end-de-solidarite-au-carrefour-market-de-villeneuve-les-beziers\/","title":{"rendered":"Solidarity weekend at the Carrefour Market in Villeneuve-l\u00e8s-B\u00e9ziers"},"content":{"rendered":"<p><img loading=\"lazy\" decoding=\"async\" height=\"16\" width=\"16\" alt=\"\ud83d\udce6\" src=\"https:\/\/static.xx.fbcdn.net\/images\/emoji.php\/v9\/t3d\/1\/16\/1f4e6.png\"> \ud835\udc16\ud835\udc1e\ud835\udc1e\ud835\udc24-\ud835\udc1e\ud835\udc27\ud835\udc1d \ud835\udc1d\ud835\udc1e \ud835\udc2c\ud835\udc28\ud835\udc25\ud835\udc22\ud835\udc1d\ud835\udc1a\ud835\udc2b\ud835\udc22\ud835\udc2d\ud835\udc1e\u0301 \ud835\udc1a\ud835\udc2e \ud835\udc02\ud835\udc1a\ud835\udc2b\ud835\udc2b\ud835\udc1e\ud835\udc1f\ud835\udc28\ud835\udc2e\ud835\udc2b \ud835\udc0c\ud835\udc1a\ud835\udc2b\ud835\udc24\ud835\udc1e\ud835\udc2d \ud835\udc1d\ud835\udc1e \ud835\udc15\ud835\udc22\ud835\udc25\ud835\udc25\ud835\udc1e\ud835\udc27\ud835\udc1e\ud835\udc2e\ud835\udc2f\ud835\udc1e-\ud835\udc25\ud835\udc1e\u0300\ud835\udc2c-\ud835\udc01\ud835\udc1e\u0301\ud835\udc33\ud835\udc22\ud835\udc1e\ud835\udc2b\ud835\udc2c !<\/p>\n\n\n\n<p>On 22 and 23 November 2024, take part in the Banques Alimentaires' national food drive. A simple gesture can change lives! <img loading=\"lazy\" decoding=\"async\" height=\"16\" width=\"16\" alt=\"\ud83d\udc9b\" src=\"https:\/\/static.xx.fbcdn.net\/images\/emoji.php\/v9\/t15\/1\/16\/1f49b.png\"><\/p>\n\n\n\n<p><img loading=\"lazy\" decoding=\"async\" height=\"16\" width=\"16\" alt=\"\ud83c\udfaf\" src=\"https:\/\/static.xx.fbcdn.net\/images\/emoji.php\/v9\/tb0\/1\/16\/1f3af.png\"> Where and how can you take part?<\/p>\n\n\n\n<p><img loading=\"lazy\" decoding=\"async\" height=\"16\" width=\"16\" alt=\"\ud83d\udd38\" src=\"https:\/\/static.xx.fbcdn.net\/images\/emoji.php\/v9\/t72\/1\/16\/1f538.png\"><a><\/a>Go to the Carrefour Market in Villeneuve-l\u00e8s-B\u00e9ziers.<\/p>\n\n\n\n<p><img loading=\"lazy\" decoding=\"async\" height=\"16\" width=\"16\" alt=\"\ud83d\udd38\" src=\"https:\/\/static.xx.fbcdn.net\/images\/emoji.php\/v9\/t72\/1\/16\/1f538.png\"> Place your donations of non-perishable goods in the dedicated trolley.<\/p>\n\n\n\n<p><img loading=\"lazy\" decoding=\"async\" height=\"16\" width=\"16\" alt=\"\ud83d\udfe1\" src=\"https:\/\/static.xx.fbcdn.net\/images\/emoji.php\/v9\/t7b\/1\/16\/1f7e1.png\"> Some ideas for useful products :<\/p>\n\n\n\n<p><img loading=\"lazy\" decoding=\"async\" height=\"16\" width=\"16\" alt=\"\u2714\ufe0f\" src=\"https:\/\/static.xx.fbcdn.net\/images\/emoji.php\/v9\/t51\/1\/16\/2714.png\"> Starchy foods: pasta, rice, semolina.<\/p>\n\n\n\n<p><img loading=\"lazy\" decoding=\"async\" height=\"16\" width=\"16\" alt=\"\u2714\ufe0f\" src=\"https:\/\/static.xx.fbcdn.net\/images\/emoji.php\/v9\/t51\/1\/16\/2714.png\"> Tinned food: vegetables, fruit, ready meals.<\/p>\n\n\n\n<p><img loading=\"lazy\" decoding=\"async\" height=\"16\" width=\"16\" alt=\"\u2714\ufe0f\" src=\"https:\/\/static.xx.fbcdn.net\/images\/emoji.php\/v9\/t51\/1\/16\/2714.png\"> Other essentials: sugar, oil, flour, biscuits, pulses.<\/p>\n\n\n\n<p>The food collected will be used to support families in difficulty, thanks to distributions by the Villeneuve-l\u00e8s-B\u00e9ziers food counter.<\/p>\n\n\n\n<p>Together, we can offer everyone a dignified and balanced diet in these difficult times.<\/p>\n\n\n\n<p>Every donation counts. Thank you for your generosity! <img loading=\"lazy\" decoding=\"async\" height=\"16\" width=\"16\" alt=\"\ud83d\ude4f\" src=\"https:\/\/static.xx.fbcdn.net\/images\/emoji.php\/v9\/t80\/1\/16\/1f64f.png\"><\/p>","protected":false},"excerpt":{"rendered":"<p>\ud835\udc16\ud835\udc1e\ud835\udc1e\ud835\udc24-\ud835\udc1e\ud835\udc27\ud835\udc1d \ud835\udc1d\ud835\udc1e \ud835\udc2c\ud835\udc28\ud835\udc25\ud835\udc22\ud835\udc1d\ud835\udc1a\ud835\udc2b\ud835\udc22\ud835\udc2d\ud835\udc1e\u0301 \ud835\udc1a\ud835\udc2e \ud835\udc02\ud835\udc1a\ud835\udc2b\ud835\udc2b\ud835\udc1e\ud835\udc1f\ud835\udc28\ud835\udc2e\ud835\udc2b \ud835\udc0c\ud835\udc1a\ud835\udc2b\ud835\udc24\ud835\udc1e\ud835\udc2d \ud835\udc1d\ud835\udc1e \ud835\udc15\ud835\udc22\ud835\udc25\ud835\udc25\ud835\udc1e\ud835\udc27\ud835\udc1e\ud835\udc2e\ud835\udc2f\ud835\udc1e-\ud835\udc25\ud835\udc1e\u0300\ud835\udc2c-\ud835\udc01\ud835\udc1e\u0301\ud835\udc33\ud835\udc22\ud835\udc1e\ud835\udc2b\ud835\udc2c ! Les 22 et 23 novembre 2024, participez \u00e0 la Collecte Nationale des Banques Alimentaires. Un geste simple peut changer des vies ! O\u00f9 et comment participer ? Rendez-vous au Carrefour Market de Villeneuve-l\u00e8s-B\u00e9ziers. D\u00e9posez vos dons de produits non p\u00e9rissables dans le chariot d\u00e9di\u00e9. Quelques id\u00e9es [&hellip;]<\/p>\n","protected":false},"author":1,"featured_media":19001,"comment_status":"closed","ping_status":"closed","sticky":false,"template":"","format":"standard","meta":{"footnotes":""},"categories":[26],"tags":[],"class_list":["post-19000","post","type-post","status-publish","format-standard","has-post-thumbnail","hentry","category-a-la-une"],"_links":{"self":[{"href":"https:\/\/www.villeneuve-les-beziers.fr\/en\/wp-json\/wp\/v2\/posts\/19000","targetHints":{"allow":["GET"]}}],"collection":[{"href":"https:\/\/www.villeneuve-les-beziers.fr\/en\/wp-json\/wp\/v2\/posts"}],"about":[{"href":"https:\/\/www.villeneuve-les-beziers.fr\/en\/wp-json\/wp\/v2\/types\/post"}],"author":[{"embeddable":true,"href":"https:\/\/www.villeneuve-les-beziers.fr\/en\/wp-json\/wp\/v2\/users\/1"}],"replies":[{"embeddable":true,"href":"https:\/\/www.villeneuve-les-beziers.fr\/en\/wp-json\/wp\/v2\/comments?post=19000"}],"version-history":[{"count":0,"href":"https:\/\/www.villeneuve-les-beziers.fr\/en\/wp-json\/wp\/v2\/posts\/19000\/revisions"}],"wp:featuredmedia":[{"embeddable":true,"href":"https:\/\/www.villeneuve-les-beziers.fr\/en\/wp-json\/wp\/v2\/media\/19001"}],"wp:attachment":[{"href":"https:\/\/www.villeneuve-les-beziers.fr\/en\/wp-json\/wp\/v2\/media?parent=19000"}],"wp:term":[{"taxonomy":"category","embeddable":true,"href":"https:\/\/www.villeneuve-les-beziers.fr\/en\/wp-json\/wp\/v2\/categories?post=19000"},{"taxonomy":"post_tag","embeddable":true,"href":"https:\/\/www.villeneuve-les-beziers.fr\/en\/wp-json\/wp\/v2\/tags?post=19000"}],"curies":[{"name":"wp","href":"https:\/\/api.w.org\/{rel}","templated":true}]}}