{"id":19939,"date":"2025-04-23T09:44:17","date_gmt":"2025-04-23T07:44:17","guid":{"rendered":"https:\/\/www.villeneuve-les-beziers.fr\/?p=19939"},"modified":"2025-04-23T09:44:18","modified_gmt":"2025-04-23T07:44:18","slug":"%f0%9d%90%89%f0%9d%90%a8%f0%9d%90%ae%f0%9d%90%ab%f0%9d%90%a7%f0%9d%90%9e%f0%9d%90%9e-%f0%9d%90%8d%f0%9d%90%9a%f0%9d%90%ad%f0%9d%90%a2%f0%9d%90%a8%f0%9d%90%a7%f0%9d%90%9a%f0%9d%90%a5%f0%9d%90%9e","status":"publish","type":"post","link":"https:\/\/www.villeneuve-les-beziers.fr\/en\/a-la-une\/%f0%9d%90%89%f0%9d%90%a8%f0%9d%90%ae%f0%9d%90%ab%f0%9d%90%a7%f0%9d%90%9e%f0%9d%90%9e-%f0%9d%90%8d%f0%9d%90%9a%f0%9d%90%ad%f0%9d%90%a2%f0%9d%90%a8%f0%9d%90%a7%f0%9d%90%9a%f0%9d%90%a5%f0%9d%90%9e\/","title":{"rendered":"\ud835\udc09\ud835\udc28\ud835\udc2e\ud835\udc2b\ud835\udc27\ud835\udc1e\u0301\ud835\udc1e \ud835\udc0d\ud835\udc1a\ud835\udc2d\ud835\udc22\ud835\udc28\ud835\udc27\ud835\udc1a\ud835\udc25\ud835\udc1e \ud835\udc1d\ud835\udc2e \ud835\udc12\ud835\udc28\ud835\udc2e\ud835\udc2f\ud835\udc1e\ud835\udc27\ud835\udc22\ud835\udc2b \ud835\udc1d\ud835\udc1e\ud835\udc2c \ud835\udc15\ud835\udc22\ud835\udc1c\ud835\udc2d\ud835\udc22\ud835\udc26\ud835\udc1e\ud835\udc2c \ud835\udc1e\ud835\udc2d \ud835\udc1d\ud835\udc1e\ud835\udc2c \ud835\udc07\ud835\udc1e\u0301\ud835\udc2b\ud835\udc28\ud835\udc2c \ud835\udc1d\ud835\udc1e \ud835\udc25\ud835\udc1a \ud835\udc03\ud835\udc1e\u0301\ud835\udc29\ud835\udc28\ud835\udc2b\ud835\udc2d\ud835\udc1a\ud835\udc2d\ud835\udc22\ud835\udc28\ud835\udc27"},"content":{"rendered":"<p><img loading=\"lazy\" decoding=\"async\" height=\"16\" width=\"16\" alt=\"\ud83d\udccd\" src=\"https:\/\/static.xx.fbcdn.net\/images\/emoji.php\/v9\/t2d\/1\/16\/1f4cd.png\"> Sunday 27 April at 11.00 am<\/p>\n\n\n\n<p><img loading=\"lazy\" decoding=\"async\" height=\"16\" width=\"16\" alt=\"\ud83d\udccc\" src=\"https:\/\/static.xx.fbcdn.net\/images\/emoji.php\/v9\/tac\/1\/16\/1f4cc.png\"> In front of the stele honouring the v<a><\/a>ictims of the deportation (old cemetery)<\/p>\n\n\n\n<p><img loading=\"lazy\" decoding=\"async\" height=\"16\" width=\"16\" alt=\"\ud83d\udc49\" src=\"https:\/\/static.xx.fbcdn.net\/images\/emoji.php\/v9\/t51\/1\/16\/1f449.png\"> Every year, the last Sunday in April is dedicated to the memory of those who were deported to Nazi concentration and extermination camps, victims of the barbarity of the Nazi regime during the Second World War.<\/p>\n\n\n\n<p><img loading=\"lazy\" decoding=\"async\" height=\"16\" width=\"16\" alt=\"\ud83d\udfe2\" src=\"https:\/\/static.xx.fbcdn.net\/images\/emoji.php\/v9\/tfc\/1\/16\/1f7e2.png\"> Fabrice Solans, Mayor of Villeneuve-l\u00e8s-B\u00e9ziers, and his Municipal Council invite you to take part in this commemorative ceremony, a moment of meditation and remembrance.<\/p>\n\n\n\n<p><img loading=\"lazy\" decoding=\"async\" height=\"16\" width=\"16\" alt=\"\ud83d\udd4a\ufe0f\" src=\"https:\/\/static.xx.fbcdn.net\/images\/emoji.php\/v9\/tba\/1\/16\/1f54a.png\"> This moment of remembrance is also a call to vigilance: the deportations, their tragedies and suffering, remind us how essential it is to defend, without respite, the values of humanity, peace and freedom.<\/p>\n\n\n\n<p><img loading=\"lazy\" decoding=\"async\" height=\"16\" width=\"16\" alt=\"\ud83c\uddeb\ud83c\uddf7\" src=\"https:\/\/static.xx.fbcdn.net\/images\/emoji.php\/v9\/t74\/1\/16\/1f1eb_1f1f7.png\"> Never forget.<\/p>\n\n\n\n<p>Because remembrance is a bulwark against indifference, forgetting and the denial of our values.<\/p>","protected":false},"excerpt":{"rendered":"<p>Dimanche 27 avril \u00e0 11h00 Devant la st\u00e8le d\u2019hommage aux victimes de la d\u00e9portation (cimeti\u00e8re vieux) Chaque ann\u00e9e, le dernier dimanche d\u2019avril est consacr\u00e9 \u00e0 la m\u00e9moire de celles et ceux qui furent d\u00e9port\u00e9s dans les camps de concentration et d\u2019extermination nazis, victimes de la barbarie du r\u00e9gime nazi pendant la Seconde Guerre mondiale. Fabrice [&hellip;]<\/p>\n","protected":false},"author":1,"featured_media":19940,"comment_status":"closed","ping_status":"closed","sticky":false,"template":"","format":"standard","meta":{"footnotes":""},"categories":[26],"tags":[],"class_list":["post-19939","post","type-post","status-publish","format-standard","has-post-thumbnail","hentry","category-a-la-une"],"_links":{"self":[{"href":"https:\/\/www.villeneuve-les-beziers.fr\/en\/wp-json\/wp\/v2\/posts\/19939","targetHints":{"allow":["GET"]}}],"collection":[{"href":"https:\/\/www.villeneuve-les-beziers.fr\/en\/wp-json\/wp\/v2\/posts"}],"about":[{"href":"https:\/\/www.villeneuve-les-beziers.fr\/en\/wp-json\/wp\/v2\/types\/post"}],"author":[{"embeddable":true,"href":"https:\/\/www.villeneuve-les-beziers.fr\/en\/wp-json\/wp\/v2\/users\/1"}],"replies":[{"embeddable":true,"href":"https:\/\/www.villeneuve-les-beziers.fr\/en\/wp-json\/wp\/v2\/comments?post=19939"}],"version-history":[{"count":1,"href":"https:\/\/www.villeneuve-les-beziers.fr\/en\/wp-json\/wp\/v2\/posts\/19939\/revisions"}],"predecessor-version":[{"id":19941,"href":"https:\/\/www.villeneuve-les-beziers.fr\/en\/wp-json\/wp\/v2\/posts\/19939\/revisions\/19941"}],"wp:featuredmedia":[{"embeddable":true,"href":"https:\/\/www.villeneuve-les-beziers.fr\/en\/wp-json\/wp\/v2\/media\/19940"}],"wp:attachment":[{"href":"https:\/\/www.villeneuve-les-beziers.fr\/en\/wp-json\/wp\/v2\/media?parent=19939"}],"wp:term":[{"taxonomy":"category","embeddable":true,"href":"https:\/\/www.villeneuve-les-beziers.fr\/en\/wp-json\/wp\/v2\/categories?post=19939"},{"taxonomy":"post_tag","embeddable":true,"href":"https:\/\/www.villeneuve-les-beziers.fr\/en\/wp-json\/wp\/v2\/tags?post=19939"}],"curies":[{"name":"wp","href":"https:\/\/api.w.org\/{rel}","templated":true}]}}