{"id":19942,"date":"2025-04-23T09:47:54","date_gmt":"2025-04-23T07:47:54","guid":{"rendered":"https:\/\/www.villeneuve-les-beziers.fr\/?p=19942"},"modified":"2025-04-23T09:49:38","modified_gmt":"2025-04-23T07:49:38","slug":"wine-saturdays-on-3-may","status":"publish","type":"post","link":"https:\/\/www.villeneuve-les-beziers.fr\/en\/a-la-une\/les-samedis-du-vin-rendez-vous-le-3-mai\/","title":{"rendered":"Wine Saturdays on 3 May!"},"content":{"rendered":"\n<p><img loading=\"lazy\" decoding=\"async\" height=\"16\" width=\"16\" alt=\"\ud83d\udc49\" src=\"https:\/\/static.xx.fbcdn.net\/images\/emoji.php\/v9\/t51\/1\/16\/1f449.png\"> L\u2019Office de Tourisme B\u00e9ziers M\u00e9diterran\u00e9e vous d<a><\/a>onne rendez-vous le samedi 03 mai 2025 de 19h \u00e0 22h, \u00e0 l\u2019Espace des Libert\u00e9s G\u00e9rard Saumade, pour une soir\u00e9e plac\u00e9e sous le signe du partage, du terroir\u2026 et du bon vin !<\/p>\n\n\n\n<p><img loading=\"lazy\" decoding=\"async\" height=\"16\" width=\"16\" alt=\"\ud83d\ude0d\" src=\"https:\/\/static.xx.fbcdn.net\/images\/emoji.php\/v9\/t2\/1\/16\/1f60d.png\"> Ambiance conviviale, produits locaux et d\u00e9gustations vous attendent pour un moment festif \u00e0 savourer entre amis ou en famille.<\/p>\n\n\n\n<p><img loading=\"lazy\" decoding=\"async\" height=\"16\" width=\"16\" alt=\"\ud83d\udccc\" src=\"https:\/\/static.xx.fbcdn.net\/images\/emoji.php\/v9\/tac\/1\/16\/1f4cc.png\"> 5,00 \u20ac = 3 d\u00e9gustations + 1 verre s\u00e9rigraphi\u00e9 \u00e0 emporter <img loading=\"lazy\" decoding=\"async\" height=\"16\" width=\"16\" alt=\"\ud83c\udf77\" src=\"https:\/\/static.xx.fbcdn.net\/images\/emoji.php\/v9\/teb\/1\/16\/1f377.png\"><\/p>\n\n\n\n<p>Billetterie sur place.<\/p>\n\n\n\n<p>Les vignerons du Biterrois et les saveurs de notre belle r\u00e9gion seront au rendez-vous\u2026 et vous ? <img loading=\"lazy\" decoding=\"async\" height=\"16\" width=\"16\" alt=\"\ud83d\ude09\" src=\"https:\/\/static.xx.fbcdn.net\/images\/emoji.php\/v9\/t57\/1\/16\/1f609.png\"><\/p>\n\n\n\n<p><a href=\"https:\/\/www.facebook.com\/beziersmediterranee?__cft__[0]=AZVZz2Bw5FuReMjJdSsAEujnIfsttq3d4wnT1qLvMenoNzyLe-uREhWJBu0kq_dOX9BHqx58VZY8zorfBQntKBoRcPKTl_oanNRvJGrZZ23XTgnHJQq4eSDLS4kEg1KhiIrthFv3zlD65lzkJXWHopntoVjBPlAla2nCmau2P48heyr6kfE5C3iZ9sH9JWpwKwE&amp;__tn__=-]K-R\" target=\"_blank\" rel=\"noopener noreferrer nofollow\">Office de Tourisme B\u00e9ziers M\u00e9diterran\u00e9e<\/a><\/p>\n\n\n\n<p><strong><em>L\u2019abus d\u2019alcool est dangereux pour la sant\u00e9, \u00e0 consommer avec mod\u00e9ration<\/em><\/strong><\/p>\n\n\n\n<p><\/p>\n","protected":false},"excerpt":{"rendered":"<p>L\u2019Office de Tourisme B\u00e9ziers M\u00e9diterran\u00e9e vous donne rendez-vous le samedi 03 mai 2025 de 19h \u00e0 22h, \u00e0 l\u2019Espace des Libert\u00e9s G\u00e9rard Saumade, pour une soir\u00e9e plac\u00e9e sous le signe du partage, du terroir\u2026 et du bon vin ! Ambiance conviviale, produits locaux et d\u00e9gustations vous attendent pour un moment festif \u00e0 savourer entre amis [&hellip;]<\/p>\n","protected":false},"author":1,"featured_media":19943,"comment_status":"closed","ping_status":"closed","sticky":false,"template":"","format":"standard","meta":{"footnotes":""},"categories":[26],"tags":[],"class_list":["post-19942","post","type-post","status-publish","format-standard","has-post-thumbnail","hentry","category-a-la-une"],"_links":{"self":[{"href":"https:\/\/www.villeneuve-les-beziers.fr\/en\/wp-json\/wp\/v2\/posts\/19942","targetHints":{"allow":["GET"]}}],"collection":[{"href":"https:\/\/www.villeneuve-les-beziers.fr\/en\/wp-json\/wp\/v2\/posts"}],"about":[{"href":"https:\/\/www.villeneuve-les-beziers.fr\/en\/wp-json\/wp\/v2\/types\/post"}],"author":[{"embeddable":true,"href":"https:\/\/www.villeneuve-les-beziers.fr\/en\/wp-json\/wp\/v2\/users\/1"}],"replies":[{"embeddable":true,"href":"https:\/\/www.villeneuve-les-beziers.fr\/en\/wp-json\/wp\/v2\/comments?post=19942"}],"version-history":[{"count":2,"href":"https:\/\/www.villeneuve-les-beziers.fr\/en\/wp-json\/wp\/v2\/posts\/19942\/revisions"}],"predecessor-version":[{"id":19945,"href":"https:\/\/www.villeneuve-les-beziers.fr\/en\/wp-json\/wp\/v2\/posts\/19942\/revisions\/19945"}],"wp:featuredmedia":[{"embeddable":true,"href":"https:\/\/www.villeneuve-les-beziers.fr\/en\/wp-json\/wp\/v2\/media\/19943"}],"wp:attachment":[{"href":"https:\/\/www.villeneuve-les-beziers.fr\/en\/wp-json\/wp\/v2\/media?parent=19942"}],"wp:term":[{"taxonomy":"category","embeddable":true,"href":"https:\/\/www.villeneuve-les-beziers.fr\/en\/wp-json\/wp\/v2\/categories?post=19942"},{"taxonomy":"post_tag","embeddable":true,"href":"https:\/\/www.villeneuve-les-beziers.fr\/en\/wp-json\/wp\/v2\/tags?post=19942"}],"curies":[{"name":"wp","href":"https:\/\/api.w.org\/{rel}","templated":true}]}}