{"id":19991,"date":"2025-05-26T16:23:09","date_gmt":"2025-05-26T14:23:09","guid":{"rendered":"https:\/\/www.villeneuve-les-beziers.fr\/?p=19991"},"modified":"2025-05-26T16:23:10","modified_gmt":"2025-05-26T14:23:10","slug":"%f0%9d%90%8b%f0%9d%90%a1%f0%9d%90%b2%f0%9d%90%a9%f0%9d%90%9e%f0%9d%90%ab-%f0%9d%90%9c%f0%9d%90%9e%f0%9d%90%a7%f0%9d%90%ad%f0%9d%90%ab%f0%9d%90%9e-%f0%9d%90%9d%f0%9d%90%9e%f0%9d%90%af","status":"publish","type":"post","link":"https:\/\/www.villeneuve-les-beziers.fr\/en\/a-la-une\/%f0%9d%90%8b%f0%9d%90%a1%f0%9d%90%b2%f0%9d%90%a9%f0%9d%90%9e%f0%9d%90%ab-%f0%9d%90%9c%f0%9d%90%9e%f0%9d%90%a7%f0%9d%90%ad%f0%9d%90%ab%f0%9d%90%9e-%f0%9d%90%9d%f0%9d%90%9e%f0%9d%90%af\/","title":{"rendered":"\ud835\udc0b'\ud835\udc21\ud835\udc32\ud835\udc29\ud835\udc1e\ud835\udc2b-\ud835\udc1c\ud835\udc1e\ud835\udc27\ud835\udc2d\ud835\udc2b\ud835\udc1e \ud835\udc1d\ud835\udc1e\ud835\udc2f\ud835\udc22\ud835\udc1e\ud835\udc27\ud835\udc2d \ud835\udc2e\ud835\udc27\ud835\udc1e \ud835\udc33\ud835\udc28\ud835\udc27\ud835\udc1e \ud835\udc1d\ud835\udc1e \ud835\udc2b\ud835\udc1e\ud835\udc27\ud835\udc1c\ud835\udc28\ud835\udc27\ud835\udc2d\ud835\udc2b\ud835\udc1e : \ud835\udc29\ud835\udc2b\ud835\udc22\ud835\udc28\ud835\udc2b\ud835\udc22\ud835\udc2d\ud835\udc1e\u0301 \ud835\udc1a\ud835\udc2e\ud835\udc31 \ud835\udc29\ud835\udc22\ud835\udc1e\u0301\ud835\udc2d\ud835\udc28\ud835\udc27\ud835\udc2c \ud835\udc1e\ud835\udc2d \ud835\udc1a\u0300 \ud835\udc25\ud835\udc1a \ud835\udc1c\ud835\udc28\ud835\udc27\ud835\udc2f\ud835\udc22\ud835\udc2f\ud835\udc22\ud835\udc1a\ud835\udc25\ud835\udc22\ud835\udc2d\ud835\udc1e\u0301 !"},"content":{"rendered":"<p><img loading=\"lazy\" decoding=\"async\" height=\"16\" width=\"16\" alt=\"\ud83d\udccc\" src=\"https:\/\/static.xx.fbcdn.net\/images\/emoji.php\/v9\/tac\/1\/16\/1f4cc.png\"> As part of our policy to improve the quality of life and s<a><\/a>In order to reduce the amount of traffic, the municipality has decided to create a \"meeting zone\" in the heart of the village.<\/p>\n\n\n\n<p><img loading=\"lazy\" decoding=\"async\" height=\"16\" width=\"16\" alt=\"\ud83d\udc49\" src=\"https:\/\/static.xx.fbcdn.net\/images\/emoji.php\/v9\/t51\/1\/16\/1f449.png\"> This scheme, provided for in the Highway Code, aims to promote harmonious cohabitation between pedestrians, cyclists and motorists, while enhancing the attractiveness and conviviality of our town centre.<\/p>\n\n\n\n<p>\ud835\udde4\ud835\ude02'\ud835\uddf2\ud835\ude00\ud835\ude01-\ud835\uddf0\ud835\uddf2 \ud835\uddfe\ud835\ude02'\ud835\ude02\ud835\uddfb\ud835\uddf2 \ud835\ude07\ud835\uddfc\ud835\uddfb\ud835\uddf2 \ud835\uddf1\ud835\uddf2 \ud835\uddff\ud835\uddf2\ud835\uddfb\ud835\uddf0\ud835\uddfc\ud835\uddfb\ud835\ude01\ud835\uddff\ud835\uddf2?<\/p>\n\n\n\n<p><img loading=\"lazy\" decoding=\"async\" height=\"16\" width=\"16\" alt=\"\ud83d\ude0a\" src=\"https:\/\/static.xx.fbcdn.net\/images\/emoji.php\/v9\/t7f\/1\/16\/1f60a.png\"> This is an area where vehicle speeds are limited to 20 km\/h and where pedestrians have priority on the entire carriageway.<\/p>\n\n\n\n<p>Cyclists can travel in both directions, unless otherwise indicated, and parking is only permitted in designated spaces.<\/p>\n\n\n\n<p>\ud835\udde3\ud835\uddfc\ud835\ude02\ud835\uddff\ud835\uddfe\ud835\ude02\ud835\uddfc\ud835\uddf6 \ud835\uddf0\ud835\uddf2 \ud835\uddf0\ud835\uddf5\ud835\uddfc\ud835\uddf6\ud835\ude05?<\/p>\n\n\n\n<p>There are several reasons for creating this zone:<\/p>\n\n\n\n<p><img loading=\"lazy\" decoding=\"async\" height=\"16\" width=\"16\" alt=\"\ud83d\udd38\" src=\"https:\/\/static.xx.fbcdn.net\/images\/emoji.php\/v9\/t72\/1\/16\/1f538.png\"> Making it safer for pedestrians, especially children and the elderly;<\/p>\n\n\n\n<p><img loading=\"lazy\" decoding=\"async\" height=\"16\" width=\"16\" alt=\"\ud83d\udd38\" src=\"https:\/\/static.xx.fbcdn.net\/images\/emoji.php\/v9\/t72\/1\/16\/1f538.png\"> Encourage soft mobility and alternative modes of transport;<\/p>\n\n\n\n<p><img loading=\"lazy\" decoding=\"async\" height=\"16\" width=\"16\" alt=\"\ud83d\udd38\" src=\"https:\/\/static.xx.fbcdn.net\/images\/emoji.php\/v9\/t72\/1\/16\/1f538.png\"> Revitalising the town centre by promoting exchanges and local life.<\/p>\n\n\n\n<p>\ud835\udde2\ud835\ude02\u0300 \ud835\ude00'\ud835\uddee\ud835\uddfd\ud835\uddfd\ud835\uddf9\ud835\uddf6\ud835\uddfe\ud835\ude02\ud835\uddf2-\ud835\ude01-\ud835\uddf2\ud835\uddf9\ud835\uddf9\ud835\uddf2?<\/p>\n\n\n\n<p>The contact zone covers the area shown in red on the attached map.<\/p>\n\n\n\n<p>Specific signage will be installed to inform all users.<\/p>\n\n\n\n<p>\ud835\udde4\ud835\ude02\ud835\uddee\ud835\uddfb\ud835\uddf1?<\/p>\n\n\n\n<p>The meeting zone will be in place from June onwards.<\/p>\n\n\n\n<p>We invite everyone to respect these new rules for the well-being and safety of all.<\/p>\n\n\n\n<p><img loading=\"lazy\" decoding=\"async\" height=\"16\" width=\"16\" alt=\"\ud83d\udc6e\u200d\u2642\ufe0f\" src=\"https:\/\/static.xx.fbcdn.net\/images\/emoji.php\/v9\/t2b\/1\/16\/1f46e_200d_2642.png\">If you have any questions or suggestions, please do not hesitate to contact the Town Hall or the municipal police.<\/p>","protected":false},"excerpt":{"rendered":"<p>Dans le cadre de notre politique d\u2019am\u00e9lioration du cadre de vie et de s\u00e9curisation des d\u00e9placements, la municipalit\u00e9 a d\u00e9cid\u00e9 de cr\u00e9er une \u00ab zone de rencontre \u00bb au c\u0153ur du village. Ce dispositif, pr\u00e9vu par le Code de la route, vise \u00e0 favoriser la cohabitation harmonieuse entre pi\u00e9tons, cyclistes et automobilistes, tout en renfor\u00e7ant [&hellip;]<\/p>\n","protected":false},"author":1,"featured_media":19992,"comment_status":"closed","ping_status":"closed","sticky":false,"template":"","format":"standard","meta":{"footnotes":""},"categories":[26],"tags":[],"class_list":["post-19991","post","type-post","status-publish","format-standard","has-post-thumbnail","hentry","category-a-la-une"],"_links":{"self":[{"href":"https:\/\/www.villeneuve-les-beziers.fr\/en\/wp-json\/wp\/v2\/posts\/19991","targetHints":{"allow":["GET"]}}],"collection":[{"href":"https:\/\/www.villeneuve-les-beziers.fr\/en\/wp-json\/wp\/v2\/posts"}],"about":[{"href":"https:\/\/www.villeneuve-les-beziers.fr\/en\/wp-json\/wp\/v2\/types\/post"}],"author":[{"embeddable":true,"href":"https:\/\/www.villeneuve-les-beziers.fr\/en\/wp-json\/wp\/v2\/users\/1"}],"replies":[{"embeddable":true,"href":"https:\/\/www.villeneuve-les-beziers.fr\/en\/wp-json\/wp\/v2\/comments?post=19991"}],"version-history":[{"count":1,"href":"https:\/\/www.villeneuve-les-beziers.fr\/en\/wp-json\/wp\/v2\/posts\/19991\/revisions"}],"predecessor-version":[{"id":19993,"href":"https:\/\/www.villeneuve-les-beziers.fr\/en\/wp-json\/wp\/v2\/posts\/19991\/revisions\/19993"}],"wp:featuredmedia":[{"embeddable":true,"href":"https:\/\/www.villeneuve-les-beziers.fr\/en\/wp-json\/wp\/v2\/media\/19992"}],"wp:attachment":[{"href":"https:\/\/www.villeneuve-les-beziers.fr\/en\/wp-json\/wp\/v2\/media?parent=19991"}],"wp:term":[{"taxonomy":"category","embeddable":true,"href":"https:\/\/www.villeneuve-les-beziers.fr\/en\/wp-json\/wp\/v2\/categories?post=19991"},{"taxonomy":"post_tag","embeddable":true,"href":"https:\/\/www.villeneuve-les-beziers.fr\/en\/wp-json\/wp\/v2\/tags?post=19991"}],"curies":[{"name":"wp","href":"https:\/\/api.w.org\/{rel}","templated":true}]}}