{"id":20136,"date":"2025-07-18T09:44:21","date_gmt":"2025-07-18T07:44:21","guid":{"rendered":"https:\/\/www.villeneuve-les-beziers.fr\/?p=20136"},"modified":"2025-07-18T09:44:23","modified_gmt":"2025-07-18T07:44:23","slug":"vigipirate-emergency-attack","status":"publish","type":"post","link":"https:\/\/www.villeneuve-les-beziers.fr\/en\/a-la-une\/vigipirate-urgence-attentat\/","title":{"rendered":"Vigipirate Emergency Attack"},"content":{"rendered":"<p>The \"Summer-Autumn 2025\" Vigipirate posture takes effect from 1 January.<sup>er<\/sup>&nbsp;July 2025. Incorporating the additional measures activated on 14 June 2025 as a result of the deteriorating security situation in the Near and Middle East, it maintains the entire country at \"emergency attack\" level.<\/p>\n\n\n\n<p>A special effort is being made to ensure safety:<\/p>\n\n\n\n<ul class=\"wp-block-list\">\n<li>places of worship and schools,<\/li>\n\n\n\n<li>festive, cultural and religious gatherings,<\/li>\n\n\n\n<li>transport as well as public and institutional buildings,<\/li>\n\n\n\n<li>of digital technology.<\/li>\n<\/ul>\n\n\n\n<p>These Vigipirate measures reflect the Government's determination to be prepared, vigilant and responsive to threats.<\/p>\n\n\n\n<p>The platform&nbsp;<a href=\"http:\/\/www.vigipirate.gouv.fr\/\" target=\"_blank\" rel=\"noopener noreferrer nofollow\">www.vigipirate.gouv.fr<\/a>&nbsp;provides a clearer picture of the situation, so that we can \"face up to it together\".<\/p>","protected":false},"excerpt":{"rendered":"<p>La posture Vigipirate \u00ab&nbsp;Et\u00e9-Automne 2025&nbsp;\u00bb prend effet \u00e0 compter du 1er&nbsp;juillet 2025.&nbsp;Int\u00e9grant les mesures additionnelles activ\u00e9es le 14 juin 2025 en raison de la d\u00e9gradation s\u00e9curitaire au Proche et Moyen-Orient, elle maintient l\u2019ensemble du territoire au niveau \u00ab&nbsp;urgence attentat&nbsp;\u00bb. Un effort tout particulier reste port\u00e9 sur la s\u00e9curit\u00e9&nbsp;: Ces mesures Vigipirate traduisent la volont\u00e9 du [&hellip;]<\/p>\n","protected":false},"author":1,"featured_media":20137,"comment_status":"closed","ping_status":"closed","sticky":false,"template":"","format":"standard","meta":{"footnotes":""},"categories":[26],"tags":[],"class_list":["post-20136","post","type-post","status-publish","format-standard","has-post-thumbnail","hentry","category-a-la-une"],"_links":{"self":[{"href":"https:\/\/www.villeneuve-les-beziers.fr\/en\/wp-json\/wp\/v2\/posts\/20136","targetHints":{"allow":["GET"]}}],"collection":[{"href":"https:\/\/www.villeneuve-les-beziers.fr\/en\/wp-json\/wp\/v2\/posts"}],"about":[{"href":"https:\/\/www.villeneuve-les-beziers.fr\/en\/wp-json\/wp\/v2\/types\/post"}],"author":[{"embeddable":true,"href":"https:\/\/www.villeneuve-les-beziers.fr\/en\/wp-json\/wp\/v2\/users\/1"}],"replies":[{"embeddable":true,"href":"https:\/\/www.villeneuve-les-beziers.fr\/en\/wp-json\/wp\/v2\/comments?post=20136"}],"version-history":[{"count":1,"href":"https:\/\/www.villeneuve-les-beziers.fr\/en\/wp-json\/wp\/v2\/posts\/20136\/revisions"}],"predecessor-version":[{"id":20138,"href":"https:\/\/www.villeneuve-les-beziers.fr\/en\/wp-json\/wp\/v2\/posts\/20136\/revisions\/20138"}],"wp:featuredmedia":[{"embeddable":true,"href":"https:\/\/www.villeneuve-les-beziers.fr\/en\/wp-json\/wp\/v2\/media\/20137"}],"wp:attachment":[{"href":"https:\/\/www.villeneuve-les-beziers.fr\/en\/wp-json\/wp\/v2\/media?parent=20136"}],"wp:term":[{"taxonomy":"category","embeddable":true,"href":"https:\/\/www.villeneuve-les-beziers.fr\/en\/wp-json\/wp\/v2\/categories?post=20136"},{"taxonomy":"post_tag","embeddable":true,"href":"https:\/\/www.villeneuve-les-beziers.fr\/en\/wp-json\/wp\/v2\/tags?post=20136"}],"curies":[{"name":"wp","href":"https:\/\/api.w.org\/{rel}","templated":true}]}}