{"id":20454,"date":"2025-10-22T16:49:06","date_gmt":"2025-10-22T14:49:06","guid":{"rendered":"https:\/\/www.villeneuve-les-beziers.fr\/?p=20454"},"modified":"2025-10-27T13:19:20","modified_gmt":"2025-10-27T12:19:20","slug":"departmental-works-on-the-d37-at-villeneuve-les-beziers","status":"publish","type":"post","link":"https:\/\/www.villeneuve-les-beziers.fr\/en\/a-la-une\/travaux-du-departement-sur-la-d37-a-villeneuve-les-beziers\/","title":{"rendered":"Departmental works on the D37 at Villeneuve-l\u00e8s-B\u00e9ziers"},"content":{"rendered":"\n<p><img loading=\"lazy\" decoding=\"async\" height=\"16\" width=\"16\" alt=\"\ud83d\udcc5\" src=\"https:\/\/static.xx.fbcdn.net\/images\/emoji.php\/v9\/t7e\/1\/16\/1f4c5.png\"> D<a><\/a>u 25 octobre au 7 novembre 2025<\/p>\n\n\n\n<p><img loading=\"lazy\" decoding=\"async\" height=\"16\" width=\"16\" alt=\"\ud83d\udd57\" src=\"https:\/\/static.xx.fbcdn.net\/images\/emoji.php\/v9\/t2f\/1\/16\/1f557.png\"> De 8h00 \u00e0 17h00<\/p>\n\n\n\n<p><img loading=\"lazy\" decoding=\"async\" height=\"16\" width=\"16\" alt=\"\u274c\" src=\"https:\/\/static.xx.fbcdn.net\/images\/emoji.php\/v9\/tdd\/1\/16\/274c.png\"> Fermeture totale de la route RD37 entre les PR 36+152 et PR 36+458<\/p>\n\n\n\n<p><img loading=\"lazy\" decoding=\"async\" height=\"16\" width=\"16\" alt=\"\ud83d\ude97\" src=\"https:\/\/static.xx.fbcdn.net\/images\/emoji.php\/v9\/tec\/1\/16\/1f697.png\"> Circulation et stationnement interdits sur ce tron\u00e7on pendant les travaux<\/p>\n\n\n\n<p><img loading=\"lazy\" decoding=\"async\" height=\"16\" width=\"16\" alt=\"\ud83d\udd01\" src=\"https:\/\/static.xx.fbcdn.net\/images\/emoji.php\/v9\/te\/1\/16\/1f501.png\"> D\u00e9viation en place : suivre l\u2019itin\u00e9raire balis\u00e9 (voir plan sur la photo)<\/p>\n\n\n\n<p><img loading=\"lazy\" decoding=\"async\" height=\"16\" width=\"16\" alt=\"\ud83d\udea7\" src=\"https:\/\/static.xx.fbcdn.net\/images\/emoji.php\/v9\/tc4\/1\/16\/1f6a7.png\"> Signalisation conforme aux r\u00e8gles du SETRA<\/p>\n\n\n\n<p>Responsabilit\u00e9s :<\/p>\n\n\n\n<p>La soci\u00e9t\u00e9 INEO R\u00c9SEAUX SUD est en charge de la signalisation et de l\u2019affichage de l\u2019arr\u00eat\u00e9 sur le chantier.<\/p>\n\n\n\n<p>Les travaux sont r\u00e9alis\u00e9s sous le contr\u00f4le de l\u2019agence d\u00e9partementale Biterrois.<\/p>\n\n\n\n<p>Arr\u00eat\u00e9 consultable en ligne : <a href=\"https:\/\/l.facebook.com\/l.php?u=https%3A%2F%2Fherault.fr%2F%3Ffbclid%3DIwZXh0bgNhZW0CMTAAYnJpZBEweG83S2JSYW9BZ1B2YkpmRQEerenZtzNHTH3Erg-i8dfnR4MrCbrsPOeDs8vrMPAe55_BxZ8yEJsA6q0MVe4_aem_NJIH5tI3thutH_TEbkCkjQ&amp;h=AT32gGJZo71LezpS0PfUWMIzcz3eJTkVeOEJBJRxyEfbwvKRthLO4yptGoyyqQWDnh6QdUy_tMshcXZhg-oTvgf843O7Njy2Wc4-iCBz145-5NUNp4WRo6Mq0RiULMAc1i7uStPvupFo5LKh&amp;__tn__=-UK-R&amp;c[0]=AT1ZnCkeagYQpunuCz4p9o3wF0suOOrWy_FumeSlIBpWIKwU2P-57aXs0j3syFZAulHclpDyHXOmBK0sjY3lY7bC0mRq7USo5W1TPdDWlP5hN8plVhbweNPZX9wo6UcSPQdMfEDDNrpn9cczei_wQz1__xCKF9eQA911aoFVnhToRBcCsnXiaFvscUWcnzhlRhgiHvbXQpAl2IN0CQdgDZGLuw\" rel=\"noreferrer noopener\" target=\"_blank\">https:\/\/herault.fr<\/a><\/p>\n\n\n\n<p><img loading=\"lazy\" decoding=\"async\" height=\"16\" width=\"16\" alt=\"\u2139\ufe0f\" src=\"https:\/\/static.xx.fbcdn.net\/images\/emoji.php\/v9\/t8e\/1\/16\/2139.png\"> \u00c0 savoir<\/p>\n\n\n\n<p>M\u00eame le soir, week-ends et jours f\u00e9ri\u00e9s, les restrictions restent en vigueur si le chantier est en place.<\/p>\n\n\n\n<div class=\"wp-block-columns is-layout-flex wp-container-core-columns-is-layout-28f84493 wp-block-columns-is-layout-flex\">\n<div class=\"wp-block-column is-layout-flow wp-block-column-is-layout-flow\">\n<figure class=\"wp-block-image aligncenter size-full is-resized\"><img loading=\"lazy\" decoding=\"async\" width=\"503\" height=\"393\" src=\"https:\/\/www.villeneuve-les-beziers.fr\/wp-content\/uploads\/2025\/10\/rd37-1.png\" alt=\"\" class=\"wp-image-20456\" style=\"width:616px;height:auto\" srcset=\"https:\/\/www.villeneuve-les-beziers.fr\/wp-content\/uploads\/2025\/10\/rd37-1.png 503w, https:\/\/www.villeneuve-les-beziers.fr\/wp-content\/uploads\/2025\/10\/rd37-1-300x234.png 300w, https:\/\/www.villeneuve-les-beziers.fr\/wp-content\/uploads\/2025\/10\/rd37-1-150x117.png 150w\" sizes=\"auto, (max-width: 503px) 100vw, 503px\" \/><\/figure>\n<\/div>\n<\/div>\n","protected":false},"excerpt":{"rendered":"<p>Du 25 octobre au 7 novembre 2025 De 8h00 \u00e0 17h00 Fermeture totale de la route RD37 entre les PR 36+152 et PR 36+458 Circulation et stationnement interdits sur ce tron\u00e7on pendant les travaux D\u00e9viation en place : suivre l\u2019itin\u00e9raire balis\u00e9 (voir plan sur la photo) Signalisation conforme aux r\u00e8gles du SETRA Responsabilit\u00e9s : La [&hellip;]<\/p>\n","protected":false},"author":1,"featured_media":20460,"comment_status":"closed","ping_status":"closed","sticky":false,"template":"","format":"standard","meta":{"footnotes":""},"categories":[26],"tags":[],"class_list":["post-20454","post","type-post","status-publish","format-standard","has-post-thumbnail","hentry","category-a-la-une"],"_links":{"self":[{"href":"https:\/\/www.villeneuve-les-beziers.fr\/en\/wp-json\/wp\/v2\/posts\/20454","targetHints":{"allow":["GET"]}}],"collection":[{"href":"https:\/\/www.villeneuve-les-beziers.fr\/en\/wp-json\/wp\/v2\/posts"}],"about":[{"href":"https:\/\/www.villeneuve-les-beziers.fr\/en\/wp-json\/wp\/v2\/types\/post"}],"author":[{"embeddable":true,"href":"https:\/\/www.villeneuve-les-beziers.fr\/en\/wp-json\/wp\/v2\/users\/1"}],"replies":[{"embeddable":true,"href":"https:\/\/www.villeneuve-les-beziers.fr\/en\/wp-json\/wp\/v2\/comments?post=20454"}],"version-history":[{"count":1,"href":"https:\/\/www.villeneuve-les-beziers.fr\/en\/wp-json\/wp\/v2\/posts\/20454\/revisions"}],"predecessor-version":[{"id":20458,"href":"https:\/\/www.villeneuve-les-beziers.fr\/en\/wp-json\/wp\/v2\/posts\/20454\/revisions\/20458"}],"wp:featuredmedia":[{"embeddable":true,"href":"https:\/\/www.villeneuve-les-beziers.fr\/en\/wp-json\/wp\/v2\/media\/20460"}],"wp:attachment":[{"href":"https:\/\/www.villeneuve-les-beziers.fr\/en\/wp-json\/wp\/v2\/media?parent=20454"}],"wp:term":[{"taxonomy":"category","embeddable":true,"href":"https:\/\/www.villeneuve-les-beziers.fr\/en\/wp-json\/wp\/v2\/categories?post=20454"},{"taxonomy":"post_tag","embeddable":true,"href":"https:\/\/www.villeneuve-les-beziers.fr\/en\/wp-json\/wp\/v2\/tags?post=20454"}],"curies":[{"name":"wp","href":"https:\/\/api.w.org\/{rel}","templated":true}]}}