{"id":16177,"date":"2022-07-18T08:40:00","date_gmt":"2022-07-18T06:40:00","guid":{"rendered":"https:\/\/www.villeneuve-les-beziers.fr\/?p=16177"},"modified":"2022-07-18T14:24:31","modified_gmt":"2022-07-18T12:24:31","slug":"plan-de-emergencia-e-imprevistos-de-la-ccas","status":"publish","type":"post","link":"https:\/\/www.villeneuve-les-beziers.fr\/es\/a-la-une\/plan-dalerte-et-durgence-du-ccas\/","title":{"rendered":"Censo de personas vulnerables - Plan de alerta y emergencia de la CCAS"},"content":{"rendered":"<p style=\"font-weight: 400;\">\u00a0<u>Para prevenir los riesgos asociados al calor extremo y otros riesgos identificados (fr\u00edo extremo y crisis sanitarias), el CCAS (Centre Communal d'Action Sociale) organiza su red de vigilancia sanitaria, adaptada a los grupos vulnerables.<\/u>.<\/p>\n<p style=\"font-weight: 400;\">Como parte del plan nacional de alerta y emergencia y en aplicaci\u00f3n de la normativa, <u>identificamos a las personas sensibles, aisladas, mayores o discapacitadas que as\u00ed lo deseen<\/u>. Para ello se ha creado un registro en la CCAS.<\/p>\n<p style=\"font-weight: 400;\">Podr\u00e1n solicitar su inscripci\u00f3n en el registro<\/p>\n<p style=\"font-weight: 400;\">- Personas de 65 a\u00f1os o m\u00e1s que viven en casa<br \/>- personas mayores de 60 a\u00f1os reconocidas como no aptas para el trabajo<br \/>-adultos con discapacidad que viven en casa<\/p>\n<p style=\"font-weight: 400;\">En cuanto las condiciones lo requieran, la CCAS movilizar\u00e1 a todos los actores implicados para difundir las recomendaciones sanitarias, limitar la exposici\u00f3n y apoyar a las personas m\u00e1s vulnerables en los momentos dif\u00edciles.<\/p>\n<p style=\"font-weight: 400;\"><strong>Hay varias formas de registrarse a s\u00ed mismo o a las personas vulnerables de su vida:<\/strong><\/p>\n<p><strong>- devolviendo el formulario que figura a continuaci\u00f3n, debidamente cumplimentado, a la CCAS :<br \/>- 1 rue de la Marianne, 34420 Villeneuve les B\u00e9ziers<br \/>- por correo electr\u00f3nico: ccas@villeneuve-les-beziers.fr<br \/><br \/><\/strong><\/p>\n<h1><strong><a href=\"https:\/\/www.villeneuve-les-beziers.fr\/wp-content\/uploads\/2022\/07\/fiche_recensement_0K.pdf\"><img loading=\"lazy\" decoding=\"async\" class=\"alignnone wp-image-4575 size-full\" src=\"https:\/\/www.villeneuve-les-beziers.fr\/wp-content\/uploads\/2020\/05\/donwload.jpg\" alt=\"\" width=\"118\" height=\"136\" \/><\/a><span style=\"color: #008000;\"><a style=\"color: #008000;\" href=\"https:\/\/www.villeneuve-les-beziers.fr\/wp-content\/uploads\/2022\/07\/fiche_recensement_0K.pdf\" target=\"_blank\" rel=\"noopener\">Formulario de inscripci\u00f3n para personas vulnerables<\/a><\/span><\/strong><\/h1>\n<p>Para m\u00e1s informaci\u00f3n, p\u00f3ngase en contacto con la CCAS en 0467399003.<\/p>\n<p style=\"font-weight: 400;\">Contamos con la solidaridad y el compromiso de todos.<\/p>","protected":false},"excerpt":{"rendered":"","protected":false},"author":1,"featured_media":16183,"comment_status":"closed","ping_status":"closed","sticky":false,"template":"","format":"standard","meta":{"footnotes":""},"categories":[26],"tags":[],"class_list":["post-16177","post","type-post","status-publish","format-standard","has-post-thumbnail","hentry","category-a-la-une"],"_links":{"self":[{"href":"https:\/\/www.villeneuve-les-beziers.fr\/es\/wp-json\/wp\/v2\/posts\/16177","targetHints":{"allow":["GET"]}}],"collection":[{"href":"https:\/\/www.villeneuve-les-beziers.fr\/es\/wp-json\/wp\/v2\/posts"}],"about":[{"href":"https:\/\/www.villeneuve-les-beziers.fr\/es\/wp-json\/wp\/v2\/types\/post"}],"author":[{"embeddable":true,"href":"https:\/\/www.villeneuve-les-beziers.fr\/es\/wp-json\/wp\/v2\/users\/1"}],"replies":[{"embeddable":true,"href":"https:\/\/www.villeneuve-les-beziers.fr\/es\/wp-json\/wp\/v2\/comments?post=16177"}],"version-history":[{"count":0,"href":"https:\/\/www.villeneuve-les-beziers.fr\/es\/wp-json\/wp\/v2\/posts\/16177\/revisions"}],"wp:featuredmedia":[{"embeddable":true,"href":"https:\/\/www.villeneuve-les-beziers.fr\/es\/wp-json\/wp\/v2\/media\/16183"}],"wp:attachment":[{"href":"https:\/\/www.villeneuve-les-beziers.fr\/es\/wp-json\/wp\/v2\/media?parent=16177"}],"wp:term":[{"taxonomy":"category","embeddable":true,"href":"https:\/\/www.villeneuve-les-beziers.fr\/es\/wp-json\/wp\/v2\/categories?post=16177"},{"taxonomy":"post_tag","embeddable":true,"href":"https:\/\/www.villeneuve-les-beziers.fr\/es\/wp-json\/wp\/v2\/tags?post=16177"}],"curies":[{"name":"wp","href":"https:\/\/api.w.org\/{rel}","templated":true}]}}