{"id":16264,"date":"2022-08-26T16:28:06","date_gmt":"2022-08-26T14:28:06","guid":{"rendered":"https:\/\/www.villeneuve-les-beziers.fr\/?p=16264"},"modified":"2022-08-26T16:39:54","modified_gmt":"2022-08-26T14:39:54","slug":"vuelta-al-cole-2022-2023","status":"publish","type":"post","link":"https:\/\/www.villeneuve-les-beziers.fr\/es\/a-la-une\/rentree-scolaire-2022-2023\/","title":{"rendered":"Curso escolar 2022\/2023"},"content":{"rendered":"<p>Vuelta al cole 2022\/2023 - La vuelta al cole se acerca, y lo va a hacer <strong>Jueves 1 de septiembre.<\/strong><\/p>\n<p>Organizar el inicio del nuevo curso escolar :<\/p>\n<p><span style=\"text-decoration: underline;\"><strong>Escuela primaria: CP a CM2 :<\/strong><\/span><\/p>\n<p>Excepcionalmente, los padres podr\u00e1n entrar en el patio de la escuela el jueves a las 8.35 h por la puerta de la rue des mimosas (rue de la cr\u00e8che). El timbre de la escuela sonar\u00e1 a las 8.45 h, los ni\u00f1os seguir\u00e1n al profesor de la clase y se pedir\u00e1 a los padres que abandonen la escuela.<\/p>\n<p>Los alumnos saldr\u00e1n por la misma puerta a las 12 del mediod\u00eda.<\/p>\n<p><span style=\"text-decoration: underline;\"><strong>Recordatorio de los horarios de las clases para los alumnos de CP a CM2 :<\/strong><\/span><\/p>\n<p>8.35 h =&gt; 8.45 h: Recepci\u00f3n de los alumnos (apertura de la puerta de entrada)<br \/>8.45 h: Inicio de las clases<br \/>12h00: Salida de los estudiantes<\/p>\n<p>13.35 h =&gt; 13.45 h: Acogida de los alumnos (apertura de la puerta de entrada)<br \/>13.45 h: Inicio de las clases<br \/>16.30 h: Salida de los estudiantes<\/p>\n<p><span style=\"text-decoration: underline;\"><strong>Guarder\u00eda: de la Petite Section a la Grande Section<\/strong><\/span><\/p>\n<p>Los padres acceden al patio de la escuela por la puerta de la rue des mimosas (rue de la cr\u00e8che) y acompa\u00f1an a su hijo hasta la puerta del aula.<\/p>\n<p>La salida se efectuar\u00e1 por el mismo punto.<br \/><strong>Para el jueves 1 de septiembre:<\/strong><\/p>\n<p>8.35 h=&gt;8.45 h: Recepci\u00f3n de los alumnos de la Secci\u00f3n Grande<br \/>8.45 a 8.55: Recepci\u00f3n de los alumnos de la Secci\u00f3n Moyenne<br \/>12.00: Todos los alumnos de la guarder\u00eda abandonan el patio de recreo<\/p>\n<p>13.35 a 13.45: Recepci\u00f3n de los alumnos de la Secci\u00f3n Grande y de la Secci\u00f3n Moyenne<br \/>16.30 h: Todos los alumnos de la guarder\u00eda abandonan el patio de recreo<\/p>\n<p>A partir del viernes 2 de septiembre, los alumnos de la Secci\u00f3n Grande y de la Secci\u00f3n Moyenne ser\u00e1n recibidos de 8.35 a 8.45 y de 13.35 a 13.45, con salidas a las 12.00 y a las 16.30.<\/p>\n<p><span style=\"text-decoration: underline;\"><strong>Organizaci\u00f3n para los alumnos de la Secci\u00f3n Petite :<\/strong><\/span><\/p>\n<p>Este es el primer d\u00eda de colegio para estos ni\u00f1os. Para que sea lo m\u00e1s c\u00f3modo posible, un grupo empezar\u00e1 el jueves 1 de septiembre a las 9.05 h y la otra mitad el viernes 2 de septiembre a las 9.05 h. Para estos ni\u00f1os, la escuela terminar\u00e1 a las 12.00 h, la recepci\u00f3n por la tarde entre las 13.35 y las 13.45 h y la salida de la escuela a las 16.30 h. Los dos grupos se apostar\u00e1n en la puerta del jard\u00edn de infancia a \u00faltima hora de la tarde del viernes 26 de agosto. Los ni\u00f1os que regresen el jueves no tendr\u00e1n clase el viernes y volver\u00e1n a la escuela el lunes 5 de septiembre.<\/p>\n<p>En cuanto a las medidas sanitarias, el protocolo elaborado por el Ministerio para el curso escolar 2022-2023 prev\u00e9 un nivel \"base\" y tres niveles de medidas en funci\u00f3n de la circulaci\u00f3n del virus. Para el inicio del nuevo curso escolar, se aplicar\u00e1 el nivel \"base\".<\/p>","protected":false},"excerpt":{"rendered":"","protected":false},"author":1,"featured_media":16268,"comment_status":"closed","ping_status":"closed","sticky":false,"template":"","format":"standard","meta":{"footnotes":""},"categories":[26],"tags":[],"class_list":["post-16264","post","type-post","status-publish","format-standard","has-post-thumbnail","hentry","category-a-la-une"],"_links":{"self":[{"href":"https:\/\/www.villeneuve-les-beziers.fr\/es\/wp-json\/wp\/v2\/posts\/16264","targetHints":{"allow":["GET"]}}],"collection":[{"href":"https:\/\/www.villeneuve-les-beziers.fr\/es\/wp-json\/wp\/v2\/posts"}],"about":[{"href":"https:\/\/www.villeneuve-les-beziers.fr\/es\/wp-json\/wp\/v2\/types\/post"}],"author":[{"embeddable":true,"href":"https:\/\/www.villeneuve-les-beziers.fr\/es\/wp-json\/wp\/v2\/users\/1"}],"replies":[{"embeddable":true,"href":"https:\/\/www.villeneuve-les-beziers.fr\/es\/wp-json\/wp\/v2\/comments?post=16264"}],"version-history":[{"count":0,"href":"https:\/\/www.villeneuve-les-beziers.fr\/es\/wp-json\/wp\/v2\/posts\/16264\/revisions"}],"wp:featuredmedia":[{"embeddable":true,"href":"https:\/\/www.villeneuve-les-beziers.fr\/es\/wp-json\/wp\/v2\/media\/16268"}],"wp:attachment":[{"href":"https:\/\/www.villeneuve-les-beziers.fr\/es\/wp-json\/wp\/v2\/media?parent=16264"}],"wp:term":[{"taxonomy":"category","embeddable":true,"href":"https:\/\/www.villeneuve-les-beziers.fr\/es\/wp-json\/wp\/v2\/categories?post=16264"},{"taxonomy":"post_tag","embeddable":true,"href":"https:\/\/www.villeneuve-les-beziers.fr\/es\/wp-json\/wp\/v2\/tags?post=16264"}],"curies":[{"name":"wp","href":"https:\/\/api.w.org\/{rel}","templated":true}]}}