{"id":17342,"date":"2023-06-21T09:23:46","date_gmt":"2023-06-21T07:23:46","guid":{"rendered":"https:\/\/www.villeneuve-les-beziers.fr\/?p=17342"},"modified":"2023-06-21T09:28:27","modified_gmt":"2023-06-21T07:28:27","slug":"informarse-sobre-las-restricciones-del-uso-del-agua-en-mi-municipio","status":"publish","type":"post","link":"https:\/\/www.villeneuve-les-beziers.fr\/es\/a-la-une\/connaitre-les-restrictions-dusage-deau-sur-ma-commune\/","title":{"rendered":"Inf\u00f3rmese sobre las restricciones del uso del agua en mi localidad"},"content":{"rendered":"<p><img decoding=\"async\" width=\"1024\" height=\"535\" src=\"https:\/\/www.villeneuve-les-beziers.fr\/wp-content\/uploads\/2023\/06\/Captureadm-1024x535.png\" alt=\"\" loading=\"lazy\" srcset=\"https:\/\/www.villeneuve-les-beziers.fr\/wp-content\/uploads\/2023\/06\/Captureadm-1024x535.png 1024w, https:\/\/www.villeneuve-les-beziers.fr\/wp-content\/uploads\/2023\/06\/Captureadm-300x157.png 300w, https:\/\/www.villeneuve-les-beziers.fr\/wp-content\/uploads\/2023\/06\/Captureadm-768x401.png 768w, https:\/\/www.villeneuve-les-beziers.fr\/wp-content\/uploads\/2023\/06\/Captureadm.png 1386w\" sizes=\"auto, (max-width: 1024px) 100vw, 1024px\" \/>\t\t\t\t\t\t\t\t\t\t\t\t\t\t<\/p>\n<h1 style=\"font-family: Verdana, Geneva, Lucida, Arial, Helvetica, sans-serif; font-size: 10px; color: #000000; font-style: normal; font-variant-ligatures: normal; font-variant-caps: normal; font-weight: 400; margin: 5px;\">Para hacer frente a la escasez de recursos h\u00eddricos durante los periodos de estiaje, los prefectos deben tomar medidas excepcionales para limitar o suspender el uso del agua en aplicaci\u00f3n del art\u00edculo L.211-3 II-1\u00b0 del C\u00f3digo de Medio Ambiente.<br \/>Esta p\u00e1gina web presenta las medidas de suspensi\u00f3n o restricci\u00f3n adoptadas por los prefectos a partir de los datos facilitados a t\u00edtulo informativo por las administraciones departamentales. Cuando se emite una orden de restricci\u00f3n general y colectiva, debe fijarse en el ayuntamiento de cada municipio afectado y publicarse en los peri\u00f3dicos regionales o locales que circulan en el departamento.<br \/>La informaci\u00f3n est\u00e1 disponible en&nbsp;<a style=\"font-family: Verdana, Geneva, Lucida, Arial, Helvetica, sans-serif; font-size: 10px; color: #a1c3c9; font-weight: bold;\" title=\"Ministerio de Transici\u00f3n Ecol\u00f3gica y Solidaridad \" href=\"http:\/\/propluvia.developpement-durable.gouv.fr\/propluvia\/faces\/public\/pageAPropos.jsp#\" target=\"_blank\" rel=\"noopener\">Ministerio de Transici\u00f3n Ecol\u00f3gica y Solidaridad&nbsp;<\/a>y en el&nbsp;<a style=\"font-family: Verdana, Geneva, Lucida, Arial, Helvetica, sans-serif; font-size: 10px; color: #a1c3c9; font-weight: bold;\" href=\"http:\/\/propluvia.developpement-durable.gouv.fr\/propluvia\/faces\/public\/pageAPropos.jsp#\" target=\"_blank\" rel=\"noopener noreferrer nofollow\"><img decoding=\"async\" style=\"font-family: Verdana, Geneva, Lucida, Arial, Helvetica, sans-serif; font-size: 10px; border-width: 0px; border-style: initial;\" src=\"http:\/\/propluvia.developpement-durable.gouv.fr\/propluvia\/images\/common\/empty.gif\" alt=\"\">Gu\u00eda de consulta<\/a>.<\/h1>\n<p>\nVisite la p\u00e1gina web oficial en la siguiente direcci\u00f3n<\/p>\n<p>https:<a href=\"https:\/\/herault.adm-occitanie.fr\/restreau\/\" target=\"_blank\" rel=\"noopener noreferrer nofollow\">\/\/herault.adm-occitanie.fr\/restreau\/<\/a><\/p><\/p>","protected":false},"excerpt":{"rendered":"<p>Pour faire face \u00e0 une insuffisance de la ressource en eau en p\u00e9riode d&rsquo;\u00e9tiage, les pr\u00e9fets sont amen\u00e9s \u00e0 prendre des mesures exceptionnelles de limitation ou de suspension des usages de l&rsquo;eau en application de l&rsquo;article L.211-3 II-1\u00b0 du code de l&rsquo;environnement.Ce site pr\u00e9sente les mesures de suspension ou de limitation prises par les pr\u00e9fets [&hellip;]<\/p>\n","protected":false},"author":1,"featured_media":0,"comment_status":"closed","ping_status":"closed","sticky":false,"template":"","format":"standard","meta":{"footnotes":""},"categories":[26],"tags":[],"class_list":["post-17342","post","type-post","status-publish","format-standard","hentry","category-a-la-une"],"_links":{"self":[{"href":"https:\/\/www.villeneuve-les-beziers.fr\/es\/wp-json\/wp\/v2\/posts\/17342","targetHints":{"allow":["GET"]}}],"collection":[{"href":"https:\/\/www.villeneuve-les-beziers.fr\/es\/wp-json\/wp\/v2\/posts"}],"about":[{"href":"https:\/\/www.villeneuve-les-beziers.fr\/es\/wp-json\/wp\/v2\/types\/post"}],"author":[{"embeddable":true,"href":"https:\/\/www.villeneuve-les-beziers.fr\/es\/wp-json\/wp\/v2\/users\/1"}],"replies":[{"embeddable":true,"href":"https:\/\/www.villeneuve-les-beziers.fr\/es\/wp-json\/wp\/v2\/comments?post=17342"}],"version-history":[{"count":0,"href":"https:\/\/www.villeneuve-les-beziers.fr\/es\/wp-json\/wp\/v2\/posts\/17342\/revisions"}],"wp:attachment":[{"href":"https:\/\/www.villeneuve-les-beziers.fr\/es\/wp-json\/wp\/v2\/media?parent=17342"}],"wp:term":[{"taxonomy":"category","embeddable":true,"href":"https:\/\/www.villeneuve-les-beziers.fr\/es\/wp-json\/wp\/v2\/categories?post=17342"},{"taxonomy":"post_tag","embeddable":true,"href":"https:\/\/www.villeneuve-les-beziers.fr\/es\/wp-json\/wp\/v2\/tags?post=17342"}],"curies":[{"name":"wp","href":"https:\/\/api.w.org\/{rel}","templated":true}]}}