{"id":17903,"date":"2024-03-25T10:53:04","date_gmt":"2024-03-25T09:53:04","guid":{"rendered":"https:\/\/www.villeneuve-les-beziers.fr\/?p=17903"},"modified":"2024-03-25T11:46:04","modified_gmt":"2024-03-25T10:46:04","slug":"investigacion-publica-unica","status":"publish","type":"post","link":"https:\/\/www.villeneuve-les-beziers.fr\/es\/a-la-une\/enquete-publique-unique\/","title":{"rendered":"Investigaci\u00f3n p\u00fablica \u00fanica"},"content":{"rendered":"<p><\/p>\n\n\n\n<p><strong>Investigaci\u00f3n p\u00fablica \u00fanica sobre los siguientes temas:<\/strong><\/p>\n\n\n\n<p><strong>Asunto n\u00ba 1: Revisi\u00f3n general del Plan Local de Ordenaci\u00f3n Urbana de Villeneuve-l\u00e8s-B\u00e9ziers<\/strong><\/p>\n\n\n\n<p><strong>Asunto n\u00ba 2: Revisi\u00f3n de la zonificaci\u00f3n del tratamiento de aguas residuales del municipio de Villeneuve-l\u00e8s-B\u00e9ziers<\/strong><\/p>\n\n\n\n<p><strong>Tema n\u00ba 3: Creaci\u00f3n de un per\u00edmetro alrededor de la iglesia de la invenci\u00f3n de Saint-Etienne en Villeneuve-l\u00e8s-B\u00e9ziers<\/strong><\/p>\n\n\n\n<p>Por decreto municipal de 19 de marzo de 2024, el alcalde orden\u00f3 la apertura de una investigaci\u00f3n p\u00fablica \u00fanica sobre los tres asuntos mencionados durante un periodo de 30 d\u00edas consecutivos, desde el 17 de abril de 2024 a las 09:00 hasta el 17 de mayo de 2024 a las 17:00. El expediente de investigaci\u00f3n p\u00fablica \u00fanica podr\u00e1 consultarse en el Ayuntamiento durante el horario normal de apertura, es decir, de 08:30 a 12:00 y de 14:00 a 17:00, as\u00ed como en la p\u00e1gina web que contiene el registro electr\u00f3nico seguro en la siguiente direcci\u00f3n:\u00a0<a href=\"https:\/\/www.democratie-active.fr\/enquete-publique-unique-villeneuve-les-beziers\/\" target=\"_blank\" rel=\"noopener noreferrer nofollow\">https:\/\/www.democratie-active.fr\/enquete-publique-unique-villeneuve-les-beziers\/<\/a>\u00a0a lo largo de la investigaci\u00f3n.<\/p>\n\n\n\n<p>El Sr. Jacques ARMING, ingeniero territorial superior jubilado, ha sido nombrado por el vicepresidente del Tribunal Administratif comisario de investigaci\u00f3n. &nbsp;<\/p>\n\n\n\n<p>El comisario de investigaci\u00f3n recibir\u00e1 a los visitantes en el Ayuntamiento<\/p>\n\n\n\n<p>- Mi\u00e9rcoles 17 de abril de 2024 de 09:00 a 12:00,<\/p>\n\n\n\n<p>- Lunes 29 de abril de 2024 de 09:00 a 12:00,<\/p>\n\n\n\n<p>- Viernes 17 de mayo de 2024 de 14:00 a 17:00 horas.<\/p>\n\n\n\n<p>Mientras dure la encuesta, los ciudadanos podr\u00e1n presentar sus observaciones y propuestas en el registro de la encuesta que se encuentra en el ayuntamiento de Villeneuve-l\u00e8s-B\u00e9ziers, pero tambi\u00e9n por correo postal (H\u00f4tel de ville, 1 rue de la Marianne 34420 VILLENEUVE-LES-BEZIERS), por correo electr\u00f3nico a la siguiente direcci\u00f3n:&nbsp;<a href=\"mailto:ep-unique-villeneuve-les-beziers@democratie-active.fr\">ep-unique-villeneuve-les-beziers@democratie-active.fr<\/a>&nbsp;&nbsp;y en el registro electr\u00f3nico seguro en la siguiente direcci\u00f3n&nbsp;<a href=\"https:\/\/www.democratie-active.fr\/enquete-publique-unique-villeneuve-les-beziers\/\" target=\"_blank\" rel=\"noopener noreferrer nofollow\">https:\/\/www.democratie-active.fr\/enquete-publique-unique-villeneuve-les-beziers\/<\/a>.<\/p>\n\n\n\n<p>El informe y las conclusiones motivadas del comisario de investigaci\u00f3n podr\u00e1n consultarse en el ayuntamiento al t\u00e9rmino de la investigaci\u00f3n y en la siguiente p\u00e1gina web&nbsp;<a href=\"https:\/\/www.democratie-active.fr\/enquete-publique-unique-villeneuve-les-beziers\/\" target=\"_blank\" rel=\"noopener noreferrer nofollow\">https:\/\/www.democratie-active.fr\/enquete-publique-unique-villeneuve-les-beziers\/<\/a>.<\/p>\n\n\n\n<p><a href=\"https:\/\/www.villeneuve-les-beziers.fr\/wp-content\/uploads\/2024\/03\/A2-Avis-enquete-VLBZ.pdf\">Descargar el aviso de investigaci\u00f3n<\/a><\/p>\n\n\n\n<p><\/p>","protected":false},"excerpt":{"rendered":"<p>Enqu\u00eate publique unique portant sur les objets suivants&nbsp;: Objet n\u00b01\u00a0: R\u00e9vision g\u00e9n\u00e9rale du Plan Local d\u2019Urbanisme de Villeneuve-l\u00e8s-B\u00e9ziers Objet n\u00b02\u00a0: R\u00e9vision du zonage d\u2019assainissement des eaux us\u00e9es de la commune de Villeneuve-l\u00e8s-B\u00e9ziers Objet n\u00b03\u00a0: Cr\u00e9ation d\u2019un p\u00e9rim\u00e8tre d\u00e9limit\u00e9 des abords autour de l\u2019\u00e9glise de l\u2019invention de Saint-Etienne de Villeneuve-l\u00e8s-B\u00e9ziers Par arr\u00eat\u00e9 municipal en date du [&hellip;]<\/p>\n","protected":false},"author":1,"featured_media":17905,"comment_status":"closed","ping_status":"closed","sticky":false,"template":"","format":"standard","meta":{"footnotes":""},"categories":[26],"tags":[],"class_list":["post-17903","post","type-post","status-publish","format-standard","has-post-thumbnail","hentry","category-a-la-une"],"_links":{"self":[{"href":"https:\/\/www.villeneuve-les-beziers.fr\/es\/wp-json\/wp\/v2\/posts\/17903","targetHints":{"allow":["GET"]}}],"collection":[{"href":"https:\/\/www.villeneuve-les-beziers.fr\/es\/wp-json\/wp\/v2\/posts"}],"about":[{"href":"https:\/\/www.villeneuve-les-beziers.fr\/es\/wp-json\/wp\/v2\/types\/post"}],"author":[{"embeddable":true,"href":"https:\/\/www.villeneuve-les-beziers.fr\/es\/wp-json\/wp\/v2\/users\/1"}],"replies":[{"embeddable":true,"href":"https:\/\/www.villeneuve-les-beziers.fr\/es\/wp-json\/wp\/v2\/comments?post=17903"}],"version-history":[{"count":0,"href":"https:\/\/www.villeneuve-les-beziers.fr\/es\/wp-json\/wp\/v2\/posts\/17903\/revisions"}],"wp:featuredmedia":[{"embeddable":true,"href":"https:\/\/www.villeneuve-les-beziers.fr\/es\/wp-json\/wp\/v2\/media\/17905"}],"wp:attachment":[{"href":"https:\/\/www.villeneuve-les-beziers.fr\/es\/wp-json\/wp\/v2\/media?parent=17903"}],"wp:term":[{"taxonomy":"category","embeddable":true,"href":"https:\/\/www.villeneuve-les-beziers.fr\/es\/wp-json\/wp\/v2\/categories?post=17903"},{"taxonomy":"post_tag","embeddable":true,"href":"https:\/\/www.villeneuve-les-beziers.fr\/es\/wp-json\/wp\/v2\/tags?post=17903"}],"curies":[{"name":"wp","href":"https:\/\/api.w.org\/{rel}","templated":true}]}}