{"id":18247,"date":"2024-08-01T08:48:17","date_gmt":"2024-08-01T06:48:17","guid":{"rendered":"https:\/\/www.villeneuve-les-beziers.fr\/?p=18247"},"modified":"2024-08-01T08:48:17","modified_gmt":"2024-08-01T06:48:17","slug":"dias-de-marcha","status":"publish","type":"post","link":"https:\/\/www.villeneuve-les-beziers.fr\/es\/a-la-une\/jours-de-marche\/","title":{"rendered":"\u00a1D\u00edas de mercado!"},"content":{"rendered":"<p>\u00danase a nosotros los martes, jueves y s\u00e1bados por la ma\u00f1ana en la plaza Michel Solans para disfrutar de jornadas repletas de sabores y descubrimientos.<\/p>\n\n\n\n<p>Nuestros tenderos le dan la bienvenida con sus productos frescos y deliciosos.<\/p>\n\n\n\n<p>No se pierda esta oportunidad de disfrutar de los productos frescos y del agradable ambiente del mercado.<\/p>","protected":false},"excerpt":{"rendered":"<p>\u00danase a nosotros los martes, jueves y s\u00e1bados por la ma\u00f1ana en la plaza Michel Solans para disfrutar de unos d\u00edas llenos de sabores y descubrimientos. Nuestros comerciantes estar\u00e1n encantados de recibirle con sus productos frescos y deliciosos. No se pierda esta oportunidad de disfrutar de los productos frescos y del agradable ambiente del mercado.<\/p>","protected":false},"author":1,"featured_media":18248,"comment_status":"closed","ping_status":"closed","sticky":false,"template":"","format":"standard","meta":{"footnotes":""},"categories":[26],"tags":[],"class_list":["post-18247","post","type-post","status-publish","format-standard","has-post-thumbnail","hentry","category-a-la-une"],"_links":{"self":[{"href":"https:\/\/www.villeneuve-les-beziers.fr\/es\/wp-json\/wp\/v2\/posts\/18247","targetHints":{"allow":["GET"]}}],"collection":[{"href":"https:\/\/www.villeneuve-les-beziers.fr\/es\/wp-json\/wp\/v2\/posts"}],"about":[{"href":"https:\/\/www.villeneuve-les-beziers.fr\/es\/wp-json\/wp\/v2\/types\/post"}],"author":[{"embeddable":true,"href":"https:\/\/www.villeneuve-les-beziers.fr\/es\/wp-json\/wp\/v2\/users\/1"}],"replies":[{"embeddable":true,"href":"https:\/\/www.villeneuve-les-beziers.fr\/es\/wp-json\/wp\/v2\/comments?post=18247"}],"version-history":[{"count":0,"href":"https:\/\/www.villeneuve-les-beziers.fr\/es\/wp-json\/wp\/v2\/posts\/18247\/revisions"}],"wp:featuredmedia":[{"embeddable":true,"href":"https:\/\/www.villeneuve-les-beziers.fr\/es\/wp-json\/wp\/v2\/media\/18248"}],"wp:attachment":[{"href":"https:\/\/www.villeneuve-les-beziers.fr\/es\/wp-json\/wp\/v2\/media?parent=18247"}],"wp:term":[{"taxonomy":"category","embeddable":true,"href":"https:\/\/www.villeneuve-les-beziers.fr\/es\/wp-json\/wp\/v2\/categories?post=18247"},{"taxonomy":"post_tag","embeddable":true,"href":"https:\/\/www.villeneuve-les-beziers.fr\/es\/wp-json\/wp\/v2\/tags?post=18247"}],"curies":[{"name":"wp","href":"https:\/\/api.w.org\/{rel}","templated":true}]}}