{"id":18262,"date":"2024-08-01T08:54:39","date_gmt":"2024-08-01T06:54:39","guid":{"rendered":"https:\/\/www.villeneuve-les-beziers.fr\/?p=18262"},"modified":"2024-08-01T09:00:44","modified_gmt":"2024-08-01T07:00:44","slug":"alerta-de-ola-de-calor","status":"publish","type":"post","link":"https:\/\/www.villeneuve-les-beziers.fr\/es\/a-la-une\/alerte-canicule\/","title":{"rendered":"Alerta por ola de calor"},"content":{"rendered":"<p><img loading=\"lazy\" decoding=\"async\" height=\"16\" width=\"16\" alt=\"\u2600\ufe0f\" src=\"https:\/\/static.xx.fbcdn.net\/images\/emoji.php\/v9\/t6d\/1\/16\/2600.png\"> \u00a1El departamento del H\u00e9rault estar\u00e1 bajo VIGILANCIA CAN\u00cdCULA NARANJA a partir de las 12.00 horas de este mi\u00e9rcoles 31 de julio de 2024! <img loading=\"lazy\" decoding=\"async\" height=\"16\" width=\"16\" alt=\"\ud83c\udf21\ufe0f\" src=\"https:\/\/static.xx.fbcdn.net\/images\/emoji.php\/v9\/tca\/1\/16\/1f321.png\"><\/p>\n\n\n\n<p>Se espera que el fen\u00f3meno dure hasta el viernes 2 de agosto de 2024.<\/p>\n\n\n\n<p>Las temperaturas m\u00ednimas oscilar\u00e1n entre los 24 y los 25\u00b0C y el mercurio subir\u00e1 hasta los 39\u00b0C en las llanuras del departamento del H\u00e9rault.<\/p>\n\n\n\n<p><a><\/a>Localmente, \u00a1son posibles picos de 40\u00b0C! <img loading=\"lazy\" decoding=\"async\" height=\"16\" width=\"16\" alt=\"\ud83d\ude13\" src=\"https:\/\/static.xx.fbcdn.net\/images\/emoji.php\/v9\/tf0\/1\/16\/1f613.png\"><\/p>\n\n\n\n<p>\u00a1\ud835\udc00\ud835\udc1d\ud835\udc28\ud835\udc29\ud835\udc2d\ud835\udc28\ud835\udc27\ud835\udc2c \ud835\udc25\ud835\udc1e\ud835\udc2c \ud835\udc1b\ud835\udc28\ud835\udc27\ud835\udc2c \ud835\udc2b\ud835\udc1e\ud835\udc1f\ud835\udc25\ud835\udc1e\ud835\udc31\ud835\udc1e\ud835\udc2c!<\/p>\n\n\n\n<p><img loading=\"lazy\" decoding=\"async\" height=\"16\" width=\"16\" alt=\"\ud83d\udd34\" src=\"https:\/\/static.xx.fbcdn.net\/images\/emoji.php\/v9\/t6e\/1\/16\/1f534.png\"> Mant\u00e9ngase fresco (en casa o en un lugar fresco)<\/p>\n\n\n\n<p><img loading=\"lazy\" decoding=\"async\" height=\"16\" width=\"16\" alt=\"\ud83d\udd34\" src=\"https:\/\/static.xx.fbcdn.net\/images\/emoji.php\/v9\/t6e\/1\/16\/1f534.png\"> Beba agua <img loading=\"lazy\" decoding=\"async\" height=\"16\" width=\"16\" alt=\"\ud83d\udca6\" src=\"https:\/\/static.xx.fbcdn.net\/images\/emoji.php\/v9\/tc1\/1\/16\/1f4a6.png\"> (sin esperar a tener sed)<\/p>\n\n\n\n<p><img loading=\"lazy\" decoding=\"async\" height=\"16\" width=\"16\" alt=\"\ud83d\udd34\" src=\"https:\/\/static.xx.fbcdn.net\/images\/emoji.php\/v9\/t6e\/1\/16\/1f534.png\"> M\u00f3jese el cuerpo <img loading=\"lazy\" decoding=\"async\" height=\"16\" width=\"16\" alt=\"\ud83d\udebf\" src=\"https:\/\/static.xx.fbcdn.net\/images\/emoji.php\/v9\/t12\/1\/16\/1f6bf.png\"><\/p>\n\n\n\n<p><img loading=\"lazy\" decoding=\"async\" height=\"16\" width=\"16\" alt=\"\ud83d\udd34\" src=\"https:\/\/static.xx.fbcdn.net\/images\/emoji.php\/v9\/t6e\/1\/16\/1f534.png\"> Cierre las persianas y ventanas durante el d\u00eda y ventile por la noche<\/p>\n\n\n\n<p><img loading=\"lazy\" decoding=\"async\" height=\"16\" width=\"16\" alt=\"\ud83d\udd34\" src=\"https:\/\/static.xx.fbcdn.net\/images\/emoji.php\/v9\/t6e\/1\/16\/1f534.png\"> Favorezca las actividades suaves y sin esfuerzo<\/p>\n\n\n\n<p><img loading=\"lazy\" decoding=\"async\" height=\"16\" width=\"16\" alt=\"\ud83d\udd34\" src=\"https:\/\/static.xx.fbcdn.net\/images\/emoji.php\/v9\/t6e\/1\/16\/1f534.png\"> Coma alimentos frescos y equilibrados en cantidad suficiente<\/p>\n\n\n\n<p><img loading=\"lazy\" decoding=\"async\" height=\"16\" width=\"16\" alt=\"\ud83d\udd34\" src=\"https:\/\/static.xx.fbcdn.net\/images\/emoji.php\/v9\/t6e\/1\/16\/1f534.png\"> Evite el alcohol<\/p>\n\n\n\n<p><img loading=\"lazy\" decoding=\"async\" height=\"16\" width=\"16\" alt=\"\ud83d\udd34\" src=\"https:\/\/static.xx.fbcdn.net\/images\/emoji.php\/v9\/t6e\/1\/16\/1f534.png\"> Mant\u00e9ngase en contacto con los m\u00e1s cercanos y los m\u00e1s vulnerables<\/p>\n\n\n\n<p><img loading=\"lazy\" decoding=\"async\" height=\"16\" width=\"16\" alt=\"\ud83d\udd34\" src=\"https:\/\/static.xx.fbcdn.net\/images\/emoji.php\/v9\/t6e\/1\/16\/1f534.png\"> Si se encuentra mal, <img loading=\"lazy\" decoding=\"async\" height=\"16\" width=\"16\" alt=\"\ud83d\udcde\" src=\"https:\/\/static.xx.fbcdn.net\/images\/emoji.php\/v9\/t4d\/1\/16\/1f4de.png\"> llame a <img loading=\"lazy\" decoding=\"async\" height=\"16\" width=\"16\" alt=\"1\ufe0f\u20e3\" src=\"https:\/\/static.xx.fbcdn.net\/images\/emoji.php\/v9\/t7a\/1\/16\/31_20e3.png\"><img loading=\"lazy\" decoding=\"async\" height=\"16\" width=\"16\" alt=\"5\ufe0f\u20e3\" src=\"https:\/\/static.xx.fbcdn.net\/images\/emoji.php\/v9\/tf6\/1\/16\/35_20e3.png\"><\/p>\n\n\n\n<p><img loading=\"lazy\" decoding=\"async\" height=\"16\" width=\"16\" alt=\"\ud83d\udc49\" src=\"https:\/\/static.xx.fbcdn.net\/images\/emoji.php\/v9\/t51\/1\/16\/1f449.png\"> Como parte del plan nacional de alerta y emergencia, y de acuerdo con la normativa, realizamos un censo de las personas en situaci\u00f3n de riesgo, aisladas, mayores o discapacitadas que as\u00ed lo desean.<\/p>\n\n\n\n<p>Para ello se ha creado un registro en la CCAS.<\/p>\n\n\n\n<p>Podr\u00e1n solicitar su inscripci\u00f3n en el registro<\/p>\n\n\n\n<p><img loading=\"lazy\" decoding=\"async\" height=\"16\" width=\"16\" alt=\"\ud83d\udfe2\" src=\"https:\/\/static.xx.fbcdn.net\/images\/emoji.php\/v9\/tfc\/1\/16\/1f7e2.png\"> Personas de 65 a\u00f1os o m\u00e1s que viven en casa<\/p>\n\n\n\n<p><img loading=\"lazy\" decoding=\"async\" height=\"16\" width=\"16\" alt=\"\ud83d\udfe2\" src=\"https:\/\/static.xx.fbcdn.net\/images\/emoji.php\/v9\/tfc\/1\/16\/1f7e2.png\"> personas mayores de 60 a\u00f1os reconocidas como no aptas para el trabajo<\/p>\n\n\n\n<p><img loading=\"lazy\" decoding=\"async\" height=\"16\" width=\"16\" alt=\"\ud83d\udfe2\" src=\"https:\/\/static.xx.fbcdn.net\/images\/emoji.php\/v9\/tfc\/1\/16\/1f7e2.png\"> adultos con discapacidad que viven en casa<\/p>\n\n\n\n<p>En cuanto las condiciones lo requieran, la CCAS movilizar\u00e1 a todos los actores implicados para difundir las recomendaciones sanitarias, limitar la exposici\u00f3n y apoyar a las personas m\u00e1s vulnerables en los momentos dif\u00edciles.<\/p>\n\n\n\n<p><img loading=\"lazy\" decoding=\"async\" height=\"16\" width=\"16\" alt=\"\ud83d\udcd1\" src=\"https:\/\/static.xx.fbcdn.net\/images\/emoji.php\/v9\/t19\/1\/16\/1f4d1.png\"> Hay varias formas de registrarse a s\u00ed mismo o a las personas vulnerables de su vida:<\/p>\n\n\n\n<p><img loading=\"lazy\" decoding=\"async\" height=\"16\" width=\"16\" alt=\"\ud83d\udd35\" src=\"https:\/\/static.xx.fbcdn.net\/images\/emoji.php\/v9\/tef\/1\/16\/1f535.png\"> devolviendo el formulario que figura a continuaci\u00f3n, debidamente cumplimentado, a la CCAS :<\/p>\n\n\n\n<p><img loading=\"lazy\" decoding=\"async\" height=\"16\" width=\"16\" alt=\"\ud83d\udd35\" src=\"https:\/\/static.xx.fbcdn.net\/images\/emoji.php\/v9\/tef\/1\/16\/1f535.png\"> 1 rue de la Marianne, 34420 Villeneuve les B\u00e9ziers<\/p>\n\n\n\n<p><img loading=\"lazy\" decoding=\"async\" height=\"16\" width=\"16\" alt=\"\ud83d\udd35\" src=\"https:\/\/static.xx.fbcdn.net\/images\/emoji.php\/v9\/tef\/1\/16\/1f535.png\"> por correo electr\u00f3nico: ccas@villeneuve-les-beziers.fr<\/p>\n\n\n\n<p><img loading=\"lazy\" decoding=\"async\" height=\"16\" width=\"16\" alt=\"\ud83d\udccd\" src=\"https:\/\/static.xx.fbcdn.net\/images\/emoji.php\/v9\/t2d\/1\/16\/1f4cd.png\">FORMULARIO DE CENSO DE PERSONAS VULNERABLES: <a href=\"https:\/\/www.villeneuve-les-beziers.fr\/wp-content\/uploads\/2022\/07\/fiche_recensement_0K.pdf?fbclid=IwY2xjawEV3PdleHRuA2FlbQIxMAABHSSrWZsR_64e7HkSMEU5bu72zrYr6ORTL02VZLHg39esD43CReVZJnJPSQ_aem_cPp6hygSKSd9mQ87Z6pVJw\" rel=\"noreferrer noopener\" target=\"_blank\">https:\/\/www.villeneuve-les-beziers.fr\/&#8230;\/fiche&#8230;<\/a><\/p>\n\n\n\n<p><img loading=\"lazy\" decoding=\"async\" height=\"16\" width=\"16\" alt=\"\ud83d\udc49\" src=\"https:\/\/static.xx.fbcdn.net\/images\/emoji.php\/v9\/t51\/1\/16\/1f449.png\"> Si desea m\u00e1s informaci\u00f3n, p\u00f3ngase en contacto con la CCAS: <img loading=\"lazy\" decoding=\"async\" height=\"16\" width=\"16\" alt=\"\u260e\ufe0f\" src=\"https:\/\/static.xx.fbcdn.net\/images\/emoji.php\/v9\/t22\/1\/16\/260e.png\"> 04.67.39.90.03<\/p>\n\n\n\n<p><img loading=\"lazy\" decoding=\"async\" height=\"16\" width=\"16\" alt=\"\ud83d\udd0e\" src=\"https:\/\/static.xx.fbcdn.net\/images\/emoji.php\/v9\/t42\/1\/16\/1f50e.png\"> Visite la p\u00e1gina web de M\u00e9t\u00e9o-France<\/p>\n\n\n\n<p><img loading=\"lazy\" decoding=\"async\" height=\"16\" width=\"16\" alt=\"\ud83e\udd1d\" src=\"https:\/\/static.xx.fbcdn.net\/images\/emoji.php\/v9\/t64\/1\/16\/1f91d.png\"> Juntos, \u00a1protej\u00e1monos de esta ola de calor!<\/p>\n\n\n\n<figure class=\"wp-block-image size-large\"><img loading=\"lazy\" decoding=\"async\" width=\"722\" height=\"1024\" src=\"https:\/\/www.villeneuve-les-beziers.fr\/wp-content\/uploads\/2024\/08\/chaleur3-722x1024.jpg\" alt=\"\" class=\"wp-image-18268\" srcset=\"https:\/\/www.villeneuve-les-beziers.fr\/wp-content\/uploads\/2024\/08\/chaleur3-722x1024.jpg 722w, https:\/\/www.villeneuve-les-beziers.fr\/wp-content\/uploads\/2024\/08\/chaleur3-212x300.jpg 212w, https:\/\/www.villeneuve-les-beziers.fr\/wp-content\/uploads\/2024\/08\/chaleur3-768x1089.jpg 768w, https:\/\/www.villeneuve-les-beziers.fr\/wp-content\/uploads\/2024\/08\/chaleur3-1083x1536.jpg 1083w, https:\/\/www.villeneuve-les-beziers.fr\/wp-content\/uploads\/2024\/08\/chaleur3.jpg 1444w\" sizes=\"auto, (max-width: 722px) 100vw, 722px\" \/><\/figure>\n\n\n\n<figure class=\"wp-block-image size-large\"><img loading=\"lazy\" decoding=\"async\" width=\"722\" height=\"1024\" src=\"https:\/\/www.villeneuve-les-beziers.fr\/wp-content\/uploads\/2024\/08\/chaleur2-722x1024.jpg\" alt=\"\" class=\"wp-image-18267\" srcset=\"https:\/\/www.villeneuve-les-beziers.fr\/wp-content\/uploads\/2024\/08\/chaleur2-722x1024.jpg 722w, https:\/\/www.villeneuve-les-beziers.fr\/wp-content\/uploads\/2024\/08\/chaleur2-212x300.jpg 212w, https:\/\/www.villeneuve-les-beziers.fr\/wp-content\/uploads\/2024\/08\/chaleur2-768x1089.jpg 768w, https:\/\/www.villeneuve-les-beziers.fr\/wp-content\/uploads\/2024\/08\/chaleur2-1083x1536.jpg 1083w, https:\/\/www.villeneuve-les-beziers.fr\/wp-content\/uploads\/2024\/08\/chaleur2.jpg 1444w\" sizes=\"auto, (max-width: 722px) 100vw, 722px\" \/><\/figure>\n\n\n\n<figure class=\"wp-block-image size-large\"><img loading=\"lazy\" decoding=\"async\" width=\"1024\" height=\"576\" src=\"https:\/\/www.villeneuve-les-beziers.fr\/wp-content\/uploads\/2024\/08\/chaleur1-1024x576.jpg\" alt=\"\" class=\"wp-image-18266\" srcset=\"https:\/\/www.villeneuve-les-beziers.fr\/wp-content\/uploads\/2024\/08\/chaleur1-1024x576.jpg 1024w, https:\/\/www.villeneuve-les-beziers.fr\/wp-content\/uploads\/2024\/08\/chaleur1-300x169.jpg 300w, https:\/\/www.villeneuve-les-beziers.fr\/wp-content\/uploads\/2024\/08\/chaleur1-768x432.jpg 768w, https:\/\/www.villeneuve-les-beziers.fr\/wp-content\/uploads\/2024\/08\/chaleur1-1536x864.jpg 1536w, https:\/\/www.villeneuve-les-beziers.fr\/wp-content\/uploads\/2024\/08\/chaleur1-800x450.jpg 800w, https:\/\/www.villeneuve-les-beziers.fr\/wp-content\/uploads\/2024\/08\/chaleur1.jpg 1920w\" sizes=\"auto, (max-width: 1024px) 100vw, 1024px\" \/><\/figure>","protected":false},"excerpt":{"rendered":"<p>Le d\u00e9partement de l&rsquo;H\u00e9rault est plac\u00e9 en VIGILANCE ORANGE CANICULE \u00e0 partir de 12h00, ce mercredi 31 juillet 2024 ! Le ph\u00e9nom\u00e8ne devrait durer jusqu&rsquo;au vendredi 2 ao\u00fbt 2024. Les temp\u00e9ratures minimales seront comprises entre 24 et 25\u00b0C et le mercure s&rsquo;envolera jusqu&rsquo;\u00e0 39\u00b0C sur les plaines du d\u00e9partement de l&rsquo;H\u00e9rault. Localement, des pointes \u00e0 [&hellip;]<\/p>\n","protected":false},"author":1,"featured_media":18263,"comment_status":"closed","ping_status":"closed","sticky":false,"template":"","format":"standard","meta":{"footnotes":""},"categories":[26],"tags":[],"class_list":["post-18262","post","type-post","status-publish","format-standard","has-post-thumbnail","hentry","category-a-la-une"],"_links":{"self":[{"href":"https:\/\/www.villeneuve-les-beziers.fr\/es\/wp-json\/wp\/v2\/posts\/18262","targetHints":{"allow":["GET"]}}],"collection":[{"href":"https:\/\/www.villeneuve-les-beziers.fr\/es\/wp-json\/wp\/v2\/posts"}],"about":[{"href":"https:\/\/www.villeneuve-les-beziers.fr\/es\/wp-json\/wp\/v2\/types\/post"}],"author":[{"embeddable":true,"href":"https:\/\/www.villeneuve-les-beziers.fr\/es\/wp-json\/wp\/v2\/users\/1"}],"replies":[{"embeddable":true,"href":"https:\/\/www.villeneuve-les-beziers.fr\/es\/wp-json\/wp\/v2\/comments?post=18262"}],"version-history":[{"count":0,"href":"https:\/\/www.villeneuve-les-beziers.fr\/es\/wp-json\/wp\/v2\/posts\/18262\/revisions"}],"wp:featuredmedia":[{"embeddable":true,"href":"https:\/\/www.villeneuve-les-beziers.fr\/es\/wp-json\/wp\/v2\/media\/18263"}],"wp:attachment":[{"href":"https:\/\/www.villeneuve-les-beziers.fr\/es\/wp-json\/wp\/v2\/media?parent=18262"}],"wp:term":[{"taxonomy":"category","embeddable":true,"href":"https:\/\/www.villeneuve-les-beziers.fr\/es\/wp-json\/wp\/v2\/categories?post=18262"},{"taxonomy":"post_tag","embeddable":true,"href":"https:\/\/www.villeneuve-les-beziers.fr\/es\/wp-json\/wp\/v2\/tags?post=18262"}],"curies":[{"name":"wp","href":"https:\/\/api.w.org\/{rel}","templated":true}]}}