{"id":18587,"date":"2024-10-22T09:36:18","date_gmt":"2024-10-22T07:36:18","guid":{"rendered":"https:\/\/www.villeneuve-les-beziers.fr\/?p=18587"},"modified":"2024-10-22T09:38:32","modified_gmt":"2024-10-22T07:38:32","slug":"casas-agrietadas-el-estado-reconoce-el-estatus-de-catastrofe-natural","status":"publish","type":"post","link":"https:\/\/www.villeneuve-les-beziers.fr\/es\/a-la-une\/maisons-fissurees-letat-reconnait-letat-de-catastrophe-naturelle\/","title":{"rendered":"Casas agrietadas: el Estado reconoce el estado de cat\u00e1strofe natural"},"content":{"rendered":"<p>Por decreto ministerial del 24 de septiembre de 2024, publicado en el Journal Officiel del 19 de octubre de 2024, el municipio de Villeneuve-les-Beziers fue reconocido como cat\u00e1strofe natural para 2023 debido a los da\u00f1os causados por los movimientos diferenciales del terreno resultantes de la sequ\u00eda y la rehidrataci\u00f3n del suelo.<\/p>\n\n\n\n<p>Un estado de cat\u00e1strofe natural declarado por decreto ministerial puede dar derecho a los asegurados cubiertos por su p\u00f3liza de seguros a una cobertura contra los da\u00f1os materiales.<\/p>\n\n\n\n<p>Los demandantes disponen de 30 d\u00edas a partir del 19 de octubre de 2024, fecha de publicaci\u00f3n del decreto en el Journal Officiel, para presentar una reclamaci\u00f3n a su aseguradora.<\/p>\n\n\n\n<p>enlace al pedido :<\/p>\n\n\n\n<p><a href=\"https:\/\/www.legifrance.gouv.fr\/download\/pdf?id=vSgfSdlwrtYF2U6rd0MNPtxJZvxKXBoNLUNa3sUly-c\" target=\"_blank\" rel=\"noopener noreferrer nofollow\">https:\/\/www.legifrance.gouv.fr\/download\/pdf?id=vSgfSdlwrtYF2U6rd0MNPtxJZvxKXBoNLUNa3sUly-c<\/a><\/p>\n\n\n\n<p><\/p>","protected":false},"excerpt":{"rendered":"<p>Par arr\u00eat\u00e9 minist\u00e9riel du 24 septembre 2024 paru au Journal Officiel du 19 octobre 2024, la Commune de VILLENEUVE-LES-BEZIERS a \u00e9t\u00e9 reconnue en \u00e9tat de catastrophe naturelle pour l\u2019ann\u00e9e 2023 au regard des dommages caus\u00e9s par les mouvements de terrain diff\u00e9rentiels cons\u00e9cutifs \u00e0 la s\u00e9cheresse et \u00e0 la r\u00e9hydratation des sols. L\u2019\u00e9tat de catastrophe naturelle [&hellip;]<\/p>\n","protected":false},"author":1,"featured_media":17910,"comment_status":"closed","ping_status":"closed","sticky":false,"template":"","format":"standard","meta":{"footnotes":""},"categories":[26],"tags":[],"class_list":["post-18587","post","type-post","status-publish","format-standard","has-post-thumbnail","hentry","category-a-la-une"],"_links":{"self":[{"href":"https:\/\/www.villeneuve-les-beziers.fr\/es\/wp-json\/wp\/v2\/posts\/18587","targetHints":{"allow":["GET"]}}],"collection":[{"href":"https:\/\/www.villeneuve-les-beziers.fr\/es\/wp-json\/wp\/v2\/posts"}],"about":[{"href":"https:\/\/www.villeneuve-les-beziers.fr\/es\/wp-json\/wp\/v2\/types\/post"}],"author":[{"embeddable":true,"href":"https:\/\/www.villeneuve-les-beziers.fr\/es\/wp-json\/wp\/v2\/users\/1"}],"replies":[{"embeddable":true,"href":"https:\/\/www.villeneuve-les-beziers.fr\/es\/wp-json\/wp\/v2\/comments?post=18587"}],"version-history":[{"count":0,"href":"https:\/\/www.villeneuve-les-beziers.fr\/es\/wp-json\/wp\/v2\/posts\/18587\/revisions"}],"wp:featuredmedia":[{"embeddable":true,"href":"https:\/\/www.villeneuve-les-beziers.fr\/es\/wp-json\/wp\/v2\/media\/17910"}],"wp:attachment":[{"href":"https:\/\/www.villeneuve-les-beziers.fr\/es\/wp-json\/wp\/v2\/media?parent=18587"}],"wp:term":[{"taxonomy":"category","embeddable":true,"href":"https:\/\/www.villeneuve-les-beziers.fr\/es\/wp-json\/wp\/v2\/categories?post=18587"},{"taxonomy":"post_tag","embeddable":true,"href":"https:\/\/www.villeneuve-les-beziers.fr\/es\/wp-json\/wp\/v2\/tags?post=18587"}],"curies":[{"name":"wp","href":"https:\/\/api.w.org\/{rel}","templated":true}]}}