{"id":18947,"date":"2024-11-13T09:21:33","date_gmt":"2024-11-13T08:21:33","guid":{"rendered":"https:\/\/www.villeneuve-les-beziers.fr\/?p=18947"},"modified":"2024-11-21T16:19:02","modified_gmt":"2024-11-21T15:19:02","slug":"noche-de-rock-solidario-para-el-telemaraton","status":"publish","type":"post","link":"https:\/\/www.villeneuve-les-beziers.fr\/es\/a-la-une\/soiree-rock-solidaire-pour-le-telethon\/","title":{"rendered":"\ud83c\udfb6 \u00a1Velada solidaria de rock por el Telet\u00f3n! \ud83c\udfb6"},"content":{"rendered":"<p><img loading=\"lazy\" decoding=\"async\" height=\"16\" width=\"16\" alt=\"\ud83d\udccc\" src=\"https:\/\/static.xx.fbcdn.net\/images\/emoji.php\/v9\/tac\/1\/16\/1f4cc.png\"> El viernes 22 de noviembre, a partir de las 19.00 horas, acomp\u00e1\u00f1enos a la Sala de Fiestas de Villeneuve-l\u00e8s-B\u00e9ziers (Espacio de las Libertades G\u00e9rard Saumade) para asistir a un concierto excepcional.<\/p>\n\n\n\n<p>Los \ud835\udde6\ud835\uddfd\ud835\uddee\ud835\uddfb\ud835\uddf8\ud835\uddf2\ud835\uddff\ud835\ude00 pondr\u00e1n el ambiente con su energ\u00eda rockera, \u00a1y todo por una buena causa!<\/p>\n\n\n\n<p><img loading=\"lazy\" decoding=\"async\" height=\"16\" width=\"16\" alt=\"\ud83d\udcb8\" src=\"https:\/\/static.xx.fbcdn.net\/images\/emoji.php\/v9\/t62\/1\/16\/1f4b8.png\"><a><\/a>Entrada de sombrero<\/p>\n\n\n\n<p><img loading=\"lazy\" decoding=\"async\" height=\"16\" width=\"16\" alt=\"\ud83c\udf79\" src=\"https:\/\/static.xx.fbcdn.net\/images\/emoji.php\/v9\/ted\/1\/16\/1f379.png\"> Bar de refrescos in situ<\/p>\n\n\n\n<p>Todo el dinero recaudado se destinar\u00e1 al Telemarat\u00f3n para apoyar la investigaci\u00f3n y a las familias. \u00a1Venga uno, vengan todos para una noche de m\u00fasica, festejos y apoyo!<\/p>\n\n\n\n<p>Juntos, \u00a1podemos marcar la diferencia! <img loading=\"lazy\" decoding=\"async\" height=\"16\" width=\"16\" alt=\"\ud83d\udcaa\" src=\"https:\/\/static.xx.fbcdn.net\/images\/emoji.php\/v9\/t6c\/1\/16\/1f4aa.png\"><img loading=\"lazy\" decoding=\"async\" height=\"16\" width=\"16\" alt=\"\ud83d\udc99\" src=\"https:\/\/static.xx.fbcdn.net\/images\/emoji.php\/v9\/t6c\/1\/16\/1f499.png\"><\/p>","protected":false},"excerpt":{"rendered":"<p>Le vendredi 22 novembre, d\u00e8s 19h, rendez-vous \u00e0 la salle des f\u00eates de Villeneuve-l\u00e8s-B\u00e9ziers (Espace des Libert\u00e9s G\u00e9rard Saumade) pour un concert exceptionnel ! Les \ud835\udde6\ud835\uddfd\ud835\uddee\ud835\uddfb\ud835\uddf8\ud835\uddf2\ud835\uddff\ud835\ude00 mettront l\u2019ambiance avec leur \u00e9nergie rock, et ce, pour la bonne cause ! Entr\u00e9e au chapeau Buvette sur place Tous les fonds r\u00e9colt\u00e9s iront au T\u00e9l\u00e9thon pour soutenir la [&hellip;]<\/p>\n","protected":false},"author":1,"featured_media":18948,"comment_status":"closed","ping_status":"closed","sticky":false,"template":"","format":"standard","meta":{"footnotes":""},"categories":[26],"tags":[],"class_list":["post-18947","post","type-post","status-publish","format-standard","has-post-thumbnail","hentry","category-a-la-une"],"_links":{"self":[{"href":"https:\/\/www.villeneuve-les-beziers.fr\/es\/wp-json\/wp\/v2\/posts\/18947","targetHints":{"allow":["GET"]}}],"collection":[{"href":"https:\/\/www.villeneuve-les-beziers.fr\/es\/wp-json\/wp\/v2\/posts"}],"about":[{"href":"https:\/\/www.villeneuve-les-beziers.fr\/es\/wp-json\/wp\/v2\/types\/post"}],"author":[{"embeddable":true,"href":"https:\/\/www.villeneuve-les-beziers.fr\/es\/wp-json\/wp\/v2\/users\/1"}],"replies":[{"embeddable":true,"href":"https:\/\/www.villeneuve-les-beziers.fr\/es\/wp-json\/wp\/v2\/comments?post=18947"}],"version-history":[{"count":0,"href":"https:\/\/www.villeneuve-les-beziers.fr\/es\/wp-json\/wp\/v2\/posts\/18947\/revisions"}],"wp:featuredmedia":[{"embeddable":true,"href":"https:\/\/www.villeneuve-les-beziers.fr\/es\/wp-json\/wp\/v2\/media\/18948"}],"wp:attachment":[{"href":"https:\/\/www.villeneuve-les-beziers.fr\/es\/wp-json\/wp\/v2\/media?parent=18947"}],"wp:term":[{"taxonomy":"category","embeddable":true,"href":"https:\/\/www.villeneuve-les-beziers.fr\/es\/wp-json\/wp\/v2\/categories?post=18947"},{"taxonomy":"post_tag","embeddable":true,"href":"https:\/\/www.villeneuve-les-beziers.fr\/es\/wp-json\/wp\/v2\/tags?post=18947"}],"curies":[{"name":"wp","href":"https:\/\/api.w.org\/{rel}","templated":true}]}}