{"id":19651,"date":"2024-12-04T08:21:29","date_gmt":"2024-12-04T07:21:29","guid":{"rendered":"https:\/\/www.villeneuve-les-beziers.fr\/?p=19110"},"modified":"2024-12-04T08:21:29","modified_gmt":"2024-12-04T07:21:29","slug":"dia-nacional-de-homenaje-a-los-caidos-por-francia","status":"publish","type":"post","link":"https:\/\/www.villeneuve-les-beziers.fr\/es\/a-la-une\/journee-nationale-dhommage-aux-morts-pour-la-france\/","title":{"rendered":"D\u00eda Nacional de Homenaje a los \"Muertos por Francia"},"content":{"rendered":"<p><img loading=\"lazy\" decoding=\"async\" height=\"16\" width=\"16\" alt=\"\ud83c\uddeb\ud83c\uddf7\" src=\"https:\/\/static.xx.fbcdn.net\/images\/emoji.php\/v9\/t74\/1\/16\/1f1eb_1f1f7.png\"> \ud835\udc09\ud835\udc28\ud835\udc2e\ud835\udc2b\ud835\udc27\ud835\udc1e\u0301\ud835\udc1e \ud835\udc27\ud835\udc1a\ud835\udc2d\ud835\udc22\ud835\udc28\ud835\udc27\ud835\udc1a\ud835\udc25\ud835\udc1e \ud835\udc1d'\ud835\udc21\ud835\udc28\ud835\udc26\ud835\udc26\ud835\udc1a\ud835\udc20\ud835\udc1e \" \ud835\udc1a\ud835\udc2e\ud835\udc31 \ud835\udc26\ud835\udc28\ud835\udc2b\ud835\udc2d\ud835\udc2c \ud835\udc29\ud835\udc28\ud835\udc2e\ud835\udc2b \ud835\udc25\ud835\udc1a \ud835\udc05\ud835\udc2b\ud835\udc1a\ud835\udc27\ud835\udc1c\ud835\udc1e \" <img loading=\"lazy\" decoding=\"async\" height=\"16\" width=\"16\" alt=\"\ud83c\uddeb\ud83c\uddf7\" src=\"https:\/\/static.xx.fbcdn.net\/images\/emoji.php\/v9\/t74\/1\/16\/1f1eb_1f1f7.png\"><\/p>\n\n\n\n<p><img loading=\"lazy\" decoding=\"async\" height=\"16\" width=\"16\" alt=\"\ud83c\uddeb\ud83c\uddf7\" src=\"https:\/\/static.xx.fbcdn.net\/images\/emoji.php\/v9\/t74\/1\/16\/1f1eb_1f1f7.png\"> La ceremonia conmemorativa del d\u00eda de homenaje a los ca\u00eddos por Francia en la guerra de Argelia y en la guerra de Marruecos y T\u00fanez tendr\u00e1 lugar el jueves 5 de diciembre de 2024.<\/p>\n\n\n\n<p>La concentraci\u00f3n tendr\u00e1 lugar a las 11:00 frente a la St\u00e8le de la M\u00e9moire, en el antiguo cementerio, para una ceremonia de colocaci\u00f3n de coronas.<\/p>\n\n\n\n<p>La ceremonia ir\u00e1 seguida de una recepci\u00f3n ofrecida por el ayuntamiento en la Salle de la M\u00e9moire des Combattants, place Samuel-Paty. <img loading=\"lazy\" decoding=\"async\" height=\"16\" width=\"16\" alt=\"\ud83c\uddeb\ud83c\uddf7\" src=\"https:\/\/static.xx.fbcdn.net\/images\/emoji.php\/v9\/t74\/1\/16\/1f1eb_1f1f7.png\"><\/p>","protected":false},"excerpt":{"rendered":"<p>\ud835\udc09\ud835\udc28\ud835\udc2e\ud835\udc2b\ud835\udc27\ud835\udc1e\u0301\ud835\udc1e \ud835\udc27\ud835\udc1a\ud835\udc2d\ud835\udc22\ud835\udc28\ud835\udc27\ud835\udc1a\ud835\udc25\ud835\udc1e \ud835\udc1d\u2019\ud835\udc21\ud835\udc28\ud835\udc26\ud835\udc26\ud835\udc1a\ud835\udc20\ud835\udc1e \u00ab\u00a0\ud835\udc1a\ud835\udc2e\ud835\udc31 \ud835\udc26\ud835\udc28\ud835\udc2b\ud835\udc2d\ud835\udc2c \ud835\udc29\ud835\udc28\ud835\udc2e\ud835\udc2b \ud835\udc25\ud835\udc1a \ud835\udc05\ud835\udc2b\ud835\udc1a\ud835\udc27\ud835\udc1c\ud835\udc1e\u00a0\u00bb La c\u00e9r\u00e9monie comm\u00e9morative marquant la journ\u00e9e d&rsquo;hommage aux morts pour la France de la guerre d&rsquo;Alg\u00e9rie et des combattants du Maroc et de la Tunisie aura lieu le jeudi 5 d\u00e9cembre 2024. Le rassemblement est fix\u00e9 \u00e0 11H00 devant la St\u00e8le de la M\u00e9moire, au cimeti\u00e8re vieux, [&hellip;]<\/p>\n","protected":false},"author":1,"featured_media":19655,"comment_status":"closed","ping_status":"closed","sticky":false,"template":"","format":"standard","meta":{"footnotes":""},"categories":[26],"tags":[],"class_list":["post-19651","post","type-post","status-publish","format-standard","has-post-thumbnail","hentry","category-a-la-une"],"_links":{"self":[{"href":"https:\/\/www.villeneuve-les-beziers.fr\/es\/wp-json\/wp\/v2\/posts\/19651","targetHints":{"allow":["GET"]}}],"collection":[{"href":"https:\/\/www.villeneuve-les-beziers.fr\/es\/wp-json\/wp\/v2\/posts"}],"about":[{"href":"https:\/\/www.villeneuve-les-beziers.fr\/es\/wp-json\/wp\/v2\/types\/post"}],"author":[{"embeddable":true,"href":"https:\/\/www.villeneuve-les-beziers.fr\/es\/wp-json\/wp\/v2\/users\/1"}],"replies":[{"embeddable":true,"href":"https:\/\/www.villeneuve-les-beziers.fr\/es\/wp-json\/wp\/v2\/comments?post=19651"}],"version-history":[{"count":0,"href":"https:\/\/www.villeneuve-les-beziers.fr\/es\/wp-json\/wp\/v2\/posts\/19651\/revisions"}],"wp:featuredmedia":[{"embeddable":true,"href":"https:\/\/www.villeneuve-les-beziers.fr\/es\/wp-json\/wp\/v2\/media\/19655"}],"wp:attachment":[{"href":"https:\/\/www.villeneuve-les-beziers.fr\/es\/wp-json\/wp\/v2\/media?parent=19651"}],"wp:term":[{"taxonomy":"category","embeddable":true,"href":"https:\/\/www.villeneuve-les-beziers.fr\/es\/wp-json\/wp\/v2\/categories?post=19651"},{"taxonomy":"post_tag","embeddable":true,"href":"https:\/\/www.villeneuve-les-beziers.fr\/es\/wp-json\/wp\/v2\/tags?post=19651"}],"curies":[{"name":"wp","href":"https:\/\/api.w.org\/{rel}","templated":true}]}}