{"id":19653,"date":"2024-12-09T08:59:27","date_gmt":"2024-12-09T07:59:27","guid":{"rendered":"https:\/\/www.villeneuve-les-beziers.fr\/?p=19138"},"modified":"2024-12-09T08:59:27","modified_gmt":"2024-12-09T07:59:27","slug":"proteccion-contra-las-inundaciones-un-proyecto-ambicioso","status":"publish","type":"post","link":"https:\/\/www.villeneuve-les-beziers.fr\/es\/a-la-une\/protection-contre-les-inondations-un-projet-ambitieux\/","title":{"rendered":"Protecci\u00f3n contra las inundaciones: un proyecto ambicioso"},"content":{"rendered":"<p><img loading=\"lazy\" decoding=\"async\" height=\"16\" width=\"16\" alt=\"\ud83c\udf0a\" src=\"https:\/\/static.xx.fbcdn.net\/images\/emoji.php\/v9\/tbc\/1\/16\/1f30a.png\"> \ud835\udc0f\ud835\udc2b\ud835\udc28\ud835\udc2d\ud835\udc1e\ud835\udc1c\ud835\udc2d\ud835\udc22\ud835\udc28\ud835\udc27 \ud835\udc1c\ud835\udc28\ud835\udc27\ud835\udc2d\ud835\udc2b\ud835\udc1e \ud835\udc25\ud835\udc1e\ud835\udc2c \ud835\udc22\ud835\udc27\ud835\udc28\ud835\udc27\ud835\udc1d\ud835\udc1a\ud835\udc2d\ud835\udc22\ud835\udc28\ud835\udc27\ud835\udc2c : \ud835\udc2e\ud835\udc27 \ud835\udc29\ud835\udc2b\ud835\udc28\ud835\udc23\ud835\udc1e\ud835\udc2d \ud835\udc1a\ud835\udc26\ud835\udc1b\ud835\udc22\ud835\udc2d\ud835\udc22\ud835\udc1e\ud835\udc2e\ud835\udc31 \ud835\udc29\ud835\udc28\ud835\udc2e\ud835\udc2b \ud835\udc15\ud835\udc22\ud835\udc25\ud835\udc25\ud835\udc1e\ud835\udc27\ud835\udc1e\ud835\udc2e\ud835\udc2f\ud835\udc1e-\ud835\udc25\ud835\udc1e\u0300\ud835\udc2c-\ud835\udc01\ud835\udc1e\u0301\ud835\udc33\ud835\udc22\ud835\udc1e\ud835\udc2b\ud835\udc2c <img loading=\"lazy\" decoding=\"async\" height=\"16\" width=\"16\" alt=\"\ud83c\udf0a\" src=\"https:\/\/static.xx.fbcdn.net\/images\/emoji.php\/v9\/tbc\/1\/16\/1f30a.png\"><\/p>\n\n\n\n<p><img loading=\"lazy\" decoding=\"async\" height=\"16\" width=\"16\" alt=\"\ud83d\udc49\" src=\"https:\/\/static.xx.fbcdn.net\/images\/emoji.php\/v9\/t51\/1\/16\/1f449.png\"> Durante a\u00f1os, Villeneuve-l\u00e8s-B\u00e9ziers ha tenido que hacer frente al riesgo de inundaciones, que amenazan tanto a los residentes como a nuestras infraestructuras.<\/p>\n\n\n\n<p>Hoy est\u00e1 en marcha un ambicioso proyecto para reforzar la seguridad de nuestra comunidad y salvaguardar su futuro.<\/p>\n\n\n\n<p><img loading=\"lazy\" decoding=\"async\" height=\"16\" width=\"16\" alt=\"\ud83d\udd35\" src=\"https:\/\/static.xx.fbcdn.net\/images\/emoji.php\/v9\/tef\/1\/16\/1f535.png\"><a><\/a>\ud835\udddf\ud835\uddf2\ud835\ude00 \ud835\uddee\ud835\uddf0\ud835\ude01\ud835\uddf6\ud835\uddfc\ud835\uddfb\ud835\ude00 \ud835\uddfd\ud835\uddff\ud835\uddf2\u0301\ud835\ude03\ud835\ude02\ud835\uddf2\ud835\ude00 :<\/p>\n\n\n\n<p><img loading=\"lazy\" decoding=\"async\" height=\"16\" width=\"16\" alt=\"\ud83d\udd39\" src=\"https:\/\/static.xx.fbcdn.net\/images\/emoji.php\/v9\/tf3\/1\/16\/1f539.png\">Construcci\u00f3n de un dique de 3 km, con una altura que var\u00eda entre 1 y 2,8 m.<\/p>\n\n\n\n<p><img loading=\"lazy\" decoding=\"async\" height=\"16\" width=\"16\" alt=\"\ud83d\udd39\" src=\"https:\/\/static.xx.fbcdn.net\/images\/emoji.php\/v9\/tf3\/1\/16\/1f539.png\">Refuerzo de la estructura hidr\u00e1ulica del Canalet.<\/p>\n\n\n\n<p><img loading=\"lazy\" decoding=\"async\" height=\"16\" width=\"16\" alt=\"\ud83d\udd39\" src=\"https:\/\/static.xx.fbcdn.net\/images\/emoji.php\/v9\/tf3\/1\/16\/1f539.png\">Desarrollo de cuencas de expansi\u00f3n y retenci\u00f3n de agua.<\/p>\n\n\n\n<p><img loading=\"lazy\" decoding=\"async\" height=\"16\" width=\"16\" alt=\"\ud83d\udd39\" src=\"https:\/\/static.xx.fbcdn.net\/images\/emoji.php\/v9\/tf3\/1\/16\/1f539.png\">Instalaci\u00f3n de una estaci\u00f3n de bombeo moderna y de alto rendimiento.<\/p>\n\n\n\n<p><img loading=\"lazy\" decoding=\"async\" height=\"16\" width=\"16\" alt=\"\ud83d\udcb0\" src=\"https:\/\/static.xx.fbcdn.net\/images\/emoji.php\/v9\/t5a\/1\/16\/1f4b0.png\"> \ud835\uddd6\ud835\uddfc\ud835\ude02\u0302\ud835\ude01 \ud835\uddf1\ud835\ude02 \ud835\uddfd\ud835\uddff\ud835\uddfc\ud835\uddf7\ud835\uddf2\ud835\ude01: 6 millones de euros, financiados en el marco de la misi\u00f3n GEMAPI (Gesti\u00f3 des Milieux Aquatiques et Pr\u00e9vention des Inondations - gesti\u00f3n de los medios acu\u00e1ticos y prevenci\u00f3n de las inundaciones), llevada a cabo por la zona urbana de B\u00e9ziers M\u00e9diterran\u00e9e.<\/p>\n\n\n\n<p><img loading=\"lazy\" decoding=\"async\" height=\"16\" width=\"16\" alt=\"\ud83d\udc64\" src=\"https:\/\/static.xx.fbcdn.net\/images\/emoji.php\/v9\/ta\/1\/16\/1f464.png\"> \ud835\udde6\ud835\uddfc\ud835\ude02\ud835\ude00 \ud835\uddf9\ud835\uddee \ud835\udde9\ud835\uddf6\ud835\uddf0\ud835\uddf2-\ud835\udde3\ud835\uddff\ud835\uddf2\u0301\ud835\ude00\ud835\uddf6\ud835\uddf1\ud835\uddf2\ud835\uddfb\ud835\uddf0\ud835\uddf2 \ud835\uddf1\ud835\uddf2 \ud835\uddd9\ud835\uddee\ud835\uddef\ud835\uddff\ud835\uddf6\ud835\uddf0\ud835\uddf2 \ud835\udde6\ud835\uddfc\ud835\uddf9\ud835\uddee\ud835\uddfb\ud835\ude00, \ud835\udde0\ud835\uddee\ud835\uddf6\ud835\uddff\ud835\uddf2 \ud835\uddf1\ud835\uddf2 \ud835\udde9\ud835\uddf6\ud835\uddf9\ud835\uddf9\ud835\uddf2\ud835\uddfb\ud835\uddf2\ud835\ude02\ud835\ude03\ud835\uddf2-\ud835\uddf9\ud835\uddf2\u0300\ud835\ude00-\ud835\uddd5\ud835\uddf2\u0301\ud835\ude07\ud835\uddf6\ud835\uddf2\ud835\uddff\ud835\ude00, este proyecto encarna el compromiso del municipio con la protecci\u00f3n de todos.<\/p>\n\n\n\n<p><img loading=\"lazy\" decoding=\"async\" height=\"16\" width=\"16\" alt=\"\ud83d\udc65\" src=\"https:\/\/static.xx.fbcdn.net\/images\/emoji.php\/v9\/t8b\/1\/16\/1f465.png\"> \ud835\udde8\ud835\uddfb \ud835\uddfd\ud835\uddff\ud835\uddfc\ud835\uddf7\ud835\uddf2\ud835\ude01 \ud835\uddfd\ud835\uddee\ud835\uddff\ud835\ude01\ud835\uddf6\ud835\uddf0\ud835\uddf6\ud835\uddfd\ud835\uddee\ud835\ude01\ud835\uddf6\ud835\uddf3 :<\/p>\n\n\n\n<p>Participe en los debates en :<\/p>\n\n\n\n<p><img loading=\"lazy\" decoding=\"async\" height=\"16\" width=\"16\" alt=\"\ud83d\udccd\" src=\"https:\/\/static.xx.fbcdn.net\/images\/emoji.php\/v9\/t2d\/1\/16\/1f4cd.png\"> \ud835\udfef \ud835\uddff\ud835\uddf2\u0301\ud835\ude02\ud835\uddfb\ud835\uddf6\ud835\uddfc\ud835\uddfb\ud835\ude00 \ud835\uddfd\ud835\ude02\ud835\uddef\ud835\uddf9\ud835\uddf6\ud835\uddfe\ud835\ude02\ud835\uddf2\ud835\ude00 \ud835\ude00\ud835\ude02\ud835\uddff \ud835\uddf9\ud835\uddee \ud835\udde3\ud835\uddf9\ud835\uddee\ud835\uddf0\ud835\uddf2 \ud835\udde0\ud835\uddf6\ud835\uddf0\ud835\uddf5\ud835\uddf2\ud835\uddf9 \ud835\udde6\ud835\uddfc\ud835\uddf9\ud835\uddee\ud835\uddfb\ud835\ude00 :<\/p>\n\n\n\n<p><img loading=\"lazy\" decoding=\"async\" height=\"16\" width=\"16\" alt=\"\ud83d\udd39\" src=\"https:\/\/static.xx.fbcdn.net\/images\/emoji.php\/v9\/tf3\/1\/16\/1f539.png\">Jueves 16 de enero de 9.30 a 12.00 horas<\/p>\n\n\n\n<p><img loading=\"lazy\" decoding=\"async\" height=\"16\" width=\"16\" alt=\"\ud83d\udd39\" src=\"https:\/\/static.xx.fbcdn.net\/images\/emoji.php\/v9\/tf3\/1\/16\/1f539.png\">S\u00e1bado 25 de enero de 9.30 a 12.00 horas<\/p>\n\n\n\n<p><img loading=\"lazy\" decoding=\"async\" height=\"16\" width=\"16\" alt=\"\ud83d\udd39\" src=\"https:\/\/static.xx.fbcdn.net\/images\/emoji.php\/v9\/tf3\/1\/16\/1f539.png\">Jueves 6 de febrero de 9.30 a 12.00 horas<\/p>\n\n\n\n<p><img loading=\"lazy\" decoding=\"async\" height=\"16\" width=\"16\" alt=\"\ud83d\udccd\" src=\"https:\/\/static.xx.fbcdn.net\/images\/emoji.php\/v9\/t2d\/1\/16\/1f4cd.png\"> \ud835\udfee \ud835\uddee\ud835\ude01\ud835\uddf2\ud835\uddf9\ud835\uddf6\ud835\uddf2\ud835\uddff\ud835\ude00 \ud835\uddf1\ud835\uddf2 \ud835\uddf0\ud835\uddfc\ud835\uddfb\ud835\uddf0\ud835\uddf2\ud835\uddff\ud835\ude01\ud835\uddee\ud835\ude01\ud835\uddf6\ud835\uddfc\ud835\uddfb \ud835\uddee\u0300 \ud835\uddf9\ud835\uddee \ud835\ude00\ud835\uddee\ud835\uddf9\ud835\uddf9\ud835\uddf2 \ud835\uddf1\ud835\uddf2\ud835\ude00 \ud835\uddf3\ud835\uddf2\u0302\ud835\ude01\ud835\uddf2\ud835\ude00 (\ud835\uddd8\ud835\ude00\ud835\uddfd\ud835\uddee\ud835\uddf0\ud835\uddf2 \ud835\uddf1\ud835\uddf2\ud835\ude00 \ud835\udddf\ud835\uddf6\ud835\uddef\ud835\uddf2\ud835\uddff\ud835\ude01\ud835\uddf2\u0301\ud835\ude00 \ud835\uddda\ud835\uddf2\u0301\ud835\uddff\ud835\uddee\ud835\uddff\ud835\uddf1 \ud835\udde6\ud835\uddee\ud835\ude02\ud835\uddfa\ud835\uddee\ud835\uddf1\ud835\uddf2) :<\/p>\n\n\n\n<p><img loading=\"lazy\" decoding=\"async\" height=\"16\" width=\"16\" alt=\"\ud83d\udd39\" src=\"https:\/\/static.xx.fbcdn.net\/images\/emoji.php\/v9\/tf3\/1\/16\/1f539.png\">Mi\u00e9rcoles 29 de enero de 19:00 a 21:00<\/p>\n\n\n\n<p><img loading=\"lazy\" decoding=\"async\" height=\"16\" width=\"16\" alt=\"\ud83d\udd39\" src=\"https:\/\/static.xx.fbcdn.net\/images\/emoji.php\/v9\/tf3\/1\/16\/1f539.png\">Mi\u00e9rcoles 12 de febrero de 19:00 a 21:00<\/p>\n\n\n\n<p><img loading=\"lazy\" decoding=\"async\" height=\"16\" width=\"16\" alt=\"\ud83d\udcd6\" src=\"https:\/\/static.xx.fbcdn.net\/images\/emoji.php\/v9\/t9e\/1\/16\/1f4d6.png\"> Para m\u00e1s informaci\u00f3n, visite \ud835\udddd\ud835\uddfc\ud835\ude02\ud835\uddff\ud835\uddfb\ud835\uddee\ud835\uddf9 \ud835\uddf1\ud835\ude02 \ud835\uddd5\ud835\uddf6\ud835\ude01\ud835\uddf2\ud835\uddff\ud835\uddff\ud835\uddfc\ud835\uddf6\ud835\ude00 (\ud835\udddd\ud835\uddd7\ud835\uddd5).<\/p>\n\n\n\n<p><img loading=\"lazy\" decoding=\"async\" height=\"16\" width=\"16\" alt=\"\u27a1\ufe0f\" src=\"https:\/\/static.xx.fbcdn.net\/images\/emoji.php\/v9\/t9e\/1\/16\/27a1.png\"> Con este proyecto, estamos dando un gran paso hacia un futuro m\u00e1s seguro para nuestra comunidad.<\/p>","protected":false},"excerpt":{"rendered":"<p>\ud835\udc0f\ud835\udc2b\ud835\udc28\ud835\udc2d\ud835\udc1e\ud835\udc1c\ud835\udc2d\ud835\udc22\ud835\udc28\ud835\udc27 \ud835\udc1c\ud835\udc28\ud835\udc27\ud835\udc2d\ud835\udc2b\ud835\udc1e \ud835\udc25\ud835\udc1e\ud835\udc2c \ud835\udc22\ud835\udc27\ud835\udc28\ud835\udc27\ud835\udc1d\ud835\udc1a\ud835\udc2d\ud835\udc22\ud835\udc28\ud835\udc27\ud835\udc2c : \ud835\udc2e\ud835\udc27 \ud835\udc29\ud835\udc2b\ud835\udc28\ud835\udc23\ud835\udc1e\ud835\udc2d \ud835\udc1a\ud835\udc26\ud835\udc1b\ud835\udc22\ud835\udc2d\ud835\udc22\ud835\udc1e\ud835\udc2e\ud835\udc31 \ud835\udc29\ud835\udc28\ud835\udc2e\ud835\udc2b \ud835\udc15\ud835\udc22\ud835\udc25\ud835\udc25\ud835\udc1e\ud835\udc27\ud835\udc1e\ud835\udc2e\ud835\udc2f\ud835\udc1e-\ud835\udc25\ud835\udc1e\u0300\ud835\udc2c-\ud835\udc01\ud835\udc1e\u0301\ud835\udc33\ud835\udc22\ud835\udc1e\ud835\udc2b\ud835\udc2c Depuis des ann\u00e9es, Villeneuve-l\u00e8s-B\u00e9ziers est confront\u00e9e aux risques d\u2019inondations, mena\u00e7ant les habitants et nos infrastructures. Aujourd\u2019hui, un projet ambitieux voit le jour pour renforcer la s\u00e9curit\u00e9 de notre commune et pr\u00e9server son avenir. \ud835\udddf\ud835\uddf2\ud835\ude00 \ud835\uddee\ud835\uddf0\ud835\ude01\ud835\uddf6\ud835\uddfc\ud835\uddfb\ud835\ude00 \ud835\uddfd\ud835\uddff\ud835\uddf2\u0301\ud835\ude03\ud835\ude02\ud835\uddf2\ud835\ude00 : Construction d\u2019une digue de 3 km, avec une [&hellip;]<\/p>\n","protected":false},"author":1,"featured_media":19656,"comment_status":"closed","ping_status":"closed","sticky":false,"template":"","format":"standard","meta":{"footnotes":""},"categories":[26],"tags":[],"class_list":["post-19653","post","type-post","status-publish","format-standard","has-post-thumbnail","hentry","category-a-la-une"],"_links":{"self":[{"href":"https:\/\/www.villeneuve-les-beziers.fr\/es\/wp-json\/wp\/v2\/posts\/19653","targetHints":{"allow":["GET"]}}],"collection":[{"href":"https:\/\/www.villeneuve-les-beziers.fr\/es\/wp-json\/wp\/v2\/posts"}],"about":[{"href":"https:\/\/www.villeneuve-les-beziers.fr\/es\/wp-json\/wp\/v2\/types\/post"}],"author":[{"embeddable":true,"href":"https:\/\/www.villeneuve-les-beziers.fr\/es\/wp-json\/wp\/v2\/users\/1"}],"replies":[{"embeddable":true,"href":"https:\/\/www.villeneuve-les-beziers.fr\/es\/wp-json\/wp\/v2\/comments?post=19653"}],"version-history":[{"count":0,"href":"https:\/\/www.villeneuve-les-beziers.fr\/es\/wp-json\/wp\/v2\/posts\/19653\/revisions"}],"wp:featuredmedia":[{"embeddable":true,"href":"https:\/\/www.villeneuve-les-beziers.fr\/es\/wp-json\/wp\/v2\/media\/19656"}],"wp:attachment":[{"href":"https:\/\/www.villeneuve-les-beziers.fr\/es\/wp-json\/wp\/v2\/media?parent=19653"}],"wp:term":[{"taxonomy":"category","embeddable":true,"href":"https:\/\/www.villeneuve-les-beziers.fr\/es\/wp-json\/wp\/v2\/categories?post=19653"},{"taxonomy":"post_tag","embeddable":true,"href":"https:\/\/www.villeneuve-les-beziers.fr\/es\/wp-json\/wp\/v2\/tags?post=19653"}],"curies":[{"name":"wp","href":"https:\/\/api.w.org\/{rel}","templated":true}]}}