{"id":19929,"date":"2025-04-23T09:15:03","date_gmt":"2025-04-23T07:15:03","guid":{"rendered":"https:\/\/www.villeneuve-les-beziers.fr\/?p=19929"},"modified":"2025-04-23T09:15:04","modified_gmt":"2025-04-23T07:15:04","slug":"ciudadania","status":"publish","type":"post","link":"https:\/\/www.villeneuve-les-beziers.fr\/es\/a-la-une\/citoyennete\/","title":{"rendered":"Ciudadan\u00eda"},"content":{"rendered":"<p><\/p>\n\n\n\n<h1 class=\"wp-block-heading\"><strong>Ruido y molestias<\/strong><\/h1>\n\n\n\n<p><\/p>\n\n\n\n<p>Vuelve el buen tiempo y, para los que tengan jard\u00edn, el fin de semana es un buen momento para la jardiner\u00eda y el bricolaje. <\/p>\n\n\n\n<p><strong>Pero, \u00bfpuede cortar el c\u00e9sped los domingos y festivos? \u00bfQu\u00e9 dice la ley? Nosotros se lo diremos.<\/strong><\/p>\n\n\n\n<p>El trabajo que implique el uso de equipos ruidosos (cortac\u00e9spedes, motocultores, motosierras, taladros, etc.) est\u00e1 sujeto a las horas de trabajo definidas por la ley.<\/p>\n\n\n\n<p>El Prefecto ha fijado unos horarios que se aplican a todos los municipios del H\u00e9rault,\u00a0<strong>particulares pueden llevar a cabo su trabajo:<\/strong><\/p>\n\n\n\n<ul class=\"wp-block-list\">\n<li><strong>d\u00edas laborables de 8.30 a 12.00 y de 14.30 a 19.30 horas;<\/strong><\/li>\n\n\n\n<li><strong>S\u00e1bados de 9 a 12 y de 15 a 19 horas;<\/strong><\/li>\n\n\n\n<li><strong>Domingos y festivos de 10 a 12 h.<\/strong><\/li>\n<\/ul>\n\n\n\n<p>Estas normas se aplican a todas las herramientas ruidosas (cortasetos, motosierras, motocultores, taladros, etc.).<\/p>\n\n\n\n<p><strong>Lea la orden :<\/strong>\u00a0<a href=\"https:\/\/www.villeneuve-les-beziers.fr\/wp-content\/uploads\/2025\/04\/arrete_bruit-ap.pdf\">aqu\u00ed<\/a><\/p>\n\n\n\n<p><strong>Obras p\u00fablicas y privadas<\/strong>\u00a0no est\u00e1n sujetos a los mismos horarios que los particulares. Los horarios de apertura son :\u00a0<strong>De lunes a s\u00e1bado de 7 a 20 h como m\u00e1ximo.<\/strong><\/p>\n\n\n\n<p>Para saber m\u00e1s, pulse aqu\u00ed:\u00a0<a href=\"http:\/\/www.bruit.fr\/\" target=\"_blank\" rel=\"noreferrer noopener\">visite la p\u00e1gina web del Centro de Informaci\u00f3n y Documentaci\u00f3n sobre el Ruido (CIDB)<\/a><\/p>\n\n\n\n<p><\/p>","protected":false},"excerpt":{"rendered":"<p>Bruits et nuisances Les beaux jours ont fait leur grand retour et, pour toutes celles et ceux qui ont un jardin, le week-end est propice au jardinage ou au bricolage. Mais au fait, peut-on tondre sa pelouse les dimanches et les jours f\u00e9ri\u00e9s ? Que dit la loi ? On vous r\u00e9pond. Les travaux entra\u00eenant [&hellip;]<\/p>\n","protected":false},"author":1,"featured_media":19930,"comment_status":"closed","ping_status":"closed","sticky":false,"template":"","format":"standard","meta":{"footnotes":""},"categories":[26],"tags":[],"class_list":["post-19929","post","type-post","status-publish","format-standard","has-post-thumbnail","hentry","category-a-la-une"],"_links":{"self":[{"href":"https:\/\/www.villeneuve-les-beziers.fr\/es\/wp-json\/wp\/v2\/posts\/19929","targetHints":{"allow":["GET"]}}],"collection":[{"href":"https:\/\/www.villeneuve-les-beziers.fr\/es\/wp-json\/wp\/v2\/posts"}],"about":[{"href":"https:\/\/www.villeneuve-les-beziers.fr\/es\/wp-json\/wp\/v2\/types\/post"}],"author":[{"embeddable":true,"href":"https:\/\/www.villeneuve-les-beziers.fr\/es\/wp-json\/wp\/v2\/users\/1"}],"replies":[{"embeddable":true,"href":"https:\/\/www.villeneuve-les-beziers.fr\/es\/wp-json\/wp\/v2\/comments?post=19929"}],"version-history":[{"count":1,"href":"https:\/\/www.villeneuve-les-beziers.fr\/es\/wp-json\/wp\/v2\/posts\/19929\/revisions"}],"predecessor-version":[{"id":19932,"href":"https:\/\/www.villeneuve-les-beziers.fr\/es\/wp-json\/wp\/v2\/posts\/19929\/revisions\/19932"}],"wp:featuredmedia":[{"embeddable":true,"href":"https:\/\/www.villeneuve-les-beziers.fr\/es\/wp-json\/wp\/v2\/media\/19930"}],"wp:attachment":[{"href":"https:\/\/www.villeneuve-les-beziers.fr\/es\/wp-json\/wp\/v2\/media?parent=19929"}],"wp:term":[{"taxonomy":"category","embeddable":true,"href":"https:\/\/www.villeneuve-les-beziers.fr\/es\/wp-json\/wp\/v2\/categories?post=19929"},{"taxonomy":"post_tag","embeddable":true,"href":"https:\/\/www.villeneuve-les-beziers.fr\/es\/wp-json\/wp\/v2\/tags?post=19929"}],"curies":[{"name":"wp","href":"https:\/\/api.w.org\/{rel}","templated":true}]}}