{"id":19934,"date":"2025-04-23T09:38:21","date_gmt":"2025-04-23T07:38:21","guid":{"rendered":"https:\/\/www.villeneuve-les-beziers.fr\/?p=19934"},"modified":"2025-08-27T16:20:58","modified_gmt":"2025-08-27T14:20:58","slug":"3a-exposicion-sobre-bienestar-y-medio-ambiente","status":"publish","type":"post","link":"https:\/\/www.villeneuve-les-beziers.fr\/es\/a-la-une\/3eme-salon-du-bien-etre-et-de-lenvironnement\/","title":{"rendered":"3er Sal\u00f3n del Bienestar y del Medio Ambiente"},"content":{"rendered":"<p><img loading=\"lazy\" decoding=\"async\" height=\"16\" width=\"16\" alt=\"\ud83d\udccd\" src=\"https:\/\/static.xx.fbcdn.net\/images\/emoji.php\/v9\/t2d\/1\/16\/1f4cd.png\"> Villeneuve-l\u00e8s-B\u00e9ziers - Espace des L<a><\/a>ibert\u00e9s G\u00e9rard-Saumade<\/p>\n\n\n\n<p><img loading=\"lazy\" decoding=\"async\" height=\"16\" width=\"16\" alt=\"\ud83d\udcc5\" src=\"https:\/\/static.xx.fbcdn.net\/images\/emoji.php\/v9\/t7e\/1\/16\/1f4c5.png\"> S\u00e1bado 26 y domingo 27 de abril de 2025 | de 10.00 a 17.30 h.<\/p>\n\n\n\n<p>\ud835\uddd8\ud835\ude01 \ud835\ude00\ud835\uddf6 \ud835\ude03\ud835\uddfc\ud835\ude02\ud835\ude00 \ud835\uddfd\ud835\uddff\ud835\uddf2\ud835\uddfb\ud835\uddf6\ud835\uddf2\ud835\ude07 \ud835\ude02\ud835\uddfb \ud835\uddfa\ud835\uddfc\ud835\uddfa\ud835\uddf2\ud835\uddfb\ud835\ude01 \ud835\uddff\ud835\uddf6\ud835\uddf2\ud835\uddfb \ud835\uddfe\ud835\ude02\ud835\uddf2 \ud835\uddfd\ud835\uddfc\ud835\ude02\ud835\uddff \ud835\ude03\ud835\uddfc\ud835\ude02\ud835\ude00?<\/p>\n\n\n\n<p>A lo largo de un fin de semana, venga a tomarse un respiro, respirar, descubrir, intercambiar ideas, relajarse... \u00a1y cuidar de s\u00ed mismo y del planeta!<\/p>\n\n\n\n<p><img loading=\"lazy\" decoding=\"async\" height=\"16\" width=\"16\" alt=\"\ud83d\udc49\" src=\"https:\/\/static.xx.fbcdn.net\/images\/emoji.php\/v9\/t51\/1\/16\/1f449.png\"> Para esta 3\u00aa edici\u00f3n, el Salon du Bien-\u00eatre et de l'Environnement vuelve con conferencias a\u00fan m\u00e1s inspiradoras, talleres participativos, stands de descubrimiento y actividades para grandes y peque\u00f1os.<\/p>\n\n\n\n<p><img loading=\"lazy\" decoding=\"async\" height=\"16\" width=\"16\" alt=\"\ud83c\udf31\" src=\"https:\/\/static.xx.fbcdn.net\/images\/emoji.php\/v9\/t69\/1\/16\/1f331.png\"> Tanto si es aficionado a las pr\u00e1cticas suaves como si simplemente siente curiosidad, encontrar\u00e1 mucho para despertar sus sentidos y alimentar su esp\u00edritu:<\/p>\n\n\n\n<p><img loading=\"lazy\" decoding=\"async\" height=\"16\" width=\"16\" alt=\"\ud83d\udfe2\" src=\"https:\/\/static.xx.fbcdn.net\/images\/emoji.php\/v9\/tfc\/1\/16\/1f7e2.png\"> productos naturales, artesan\u00eda, cosm\u00e9tica ecol\u00f3gica<\/p>\n\n\n\n<p><img loading=\"lazy\" decoding=\"async\" height=\"16\" width=\"16\" alt=\"\ud83d\udfe2\" src=\"https:\/\/static.xx.fbcdn.net\/images\/emoji.php\/v9\/tfc\/1\/16\/1f7e2.png\"> alimentaci\u00f3n sana, terapias alternativas<\/p>\n\n\n\n<p><img loading=\"lazy\" decoding=\"async\" height=\"16\" width=\"16\" alt=\"\ud83d\udfe2\" src=\"https:\/\/static.xx.fbcdn.net\/images\/emoji.php\/v9\/tfc\/1\/16\/1f7e2.png\"> conocimientos ecol\u00f3gicos, iniciativas locales<\/p>\n\n\n\n<p><img loading=\"lazy\" decoding=\"async\" height=\"16\" width=\"16\" alt=\"\ud83d\udfe2\" src=\"https:\/\/static.xx.fbcdn.net\/images\/emoji.php\/v9\/tfc\/1\/16\/1f7e2.png\"> tratamientos, masajes, meditaci\u00f3n, desarrollo personal...<\/p>\n\n\n\n<p><img loading=\"lazy\" decoding=\"async\" height=\"16\" width=\"16\" alt=\"\ud83d\udc49\" src=\"https:\/\/static.xx.fbcdn.net\/images\/emoji.php\/v9\/t51\/1\/16\/1f449.png\"> A partir de las 14.00 horas del domingo, reg\u00e1lese un aut\u00e9ntico momento de serenidad con el profesor Benoist, que impartir\u00e1 tres sesiones de 45 minutos en \ud835\ude00\ud835\uddf2\u0301\ud835\uddee\ud835\uddfb\ud835\uddf0\ud835\uddf2\ud835\ude00 \ud835\uddf1\ud835\uddf2 \ud835\ude06\ud835\uddfc\ud835\uddf4\ud835\uddee.<\/p>\n\n\n\n<p>Accesible a todos los niveles, en un ambiente agradable y relajante.<\/p>\n\n\n\n<p><img loading=\"lazy\" decoding=\"async\" height=\"16\" width=\"16\" alt=\"\ud83c\udfa0\" src=\"https:\/\/static.xx.fbcdn.net\/images\/emoji.php\/v9\/t7a\/1\/16\/1f3a0.png\"> Los ni\u00f1os no han sido olvidados: \ud835\uddfa\ud835\uddee\ud835\uddfb\ud835\uddf2\u0300\ud835\uddf4\ud835\uddf2\ud835\ude00 les esperan en los jardines cerrados y seguros, mientras usted aprovecha al m\u00e1ximo la animaci\u00f3n del espect\u00e1culo. <img loading=\"lazy\" decoding=\"async\" height=\"16\" width=\"16\" alt=\"\ud83d\ude46\u200d\u2642\ufe0f\" src=\"https:\/\/static.xx.fbcdn.net\/images\/emoji.php\/v9\/t80\/1\/16\/1f646_200d_2642.png\"><\/p>\n\n\n\n<p><img loading=\"lazy\" decoding=\"async\" height=\"16\" width=\"16\" alt=\"\ud83c\udf70\" src=\"https:\/\/static.xx.fbcdn.net\/images\/emoji.php\/v9\/t64\/1\/16\/1f370.png\"> Y para un \ud835\uddfd\ud835\uddee\ud835\ude02\ud835\ude00\ud835\uddf2 \ud835\uddf4\ud835\uddfc\ud835\ude02\ud835\uddff\ud835\uddfa\ud835\uddee\ud835\uddfb\ud835\uddf1\ud835\uddf2, los padres estar\u00e1n presentes durante todo el evento con sus crepes, gofres y dulces. <img loading=\"lazy\" decoding=\"async\" height=\"16\" width=\"16\" alt=\"\ud83d\ude0b\" src=\"https:\/\/static.xx.fbcdn.net\/images\/emoji.php\/v9\/t0\/1\/16\/1f60b.png\"><\/p>\n\n\n\n<p><img loading=\"lazy\" decoding=\"async\" height=\"16\" width=\"16\" alt=\"\ud83d\udc9a\" src=\"https:\/\/static.xx.fbcdn.net\/images\/emoji.php\/v9\/t94\/1\/16\/1f49a.png\">\ud835\udddf'\ud835\uddf2\ud835\uddfb\ud835\ude01\ud835\uddff\ud835\uddf2\u0301\ud835\uddf2 \ud835\uddf2\ud835\ude00\ud835\ude01 \ud835\uddf9\ud835\uddf6\ud835\uddef\ud835\uddff\ud835\uddf2, \u00a1sonrisas garantizadas y bienestar a la orden del d\u00eda!<\/p>\n\n\n\n<p>Un acontecimiento para toda la familia, en el que podr\u00e1 hacer algo bueno por s\u00ed mismo... mientras piensa en el mundo del ma\u00f1ana.<\/p>","protected":false},"excerpt":{"rendered":"<p>Villeneuve-l\u00e8s-B\u00e9ziers \u2013 Espace des Libert\u00e9s G\u00e9rard-Saumade Samedi 26 &amp; dimanche 27 avril 2025 | de 10h \u00e0 17h30 \ud835\uddd8\ud835\ude01 \ud835\ude00\ud835\uddf6 \ud835\ude03\ud835\uddfc\ud835\ude02\ud835\ude00 \ud835\uddfd\ud835\uddff\ud835\uddf2\ud835\uddfb\ud835\uddf6\ud835\uddf2\ud835\ude07 \ud835\ude02\ud835\uddfb \ud835\uddfa\ud835\uddfc\ud835\uddfa\ud835\uddf2\ud835\uddfb\ud835\ude01 \ud835\uddff\ud835\uddf6\ud835\uddf2\ud835\uddfb \ud835\uddfe\ud835\ude02\ud835\uddf2 \ud835\uddfd\ud835\uddfc\ud835\ude02\ud835\uddff \ud835\ude03\ud835\uddfc\ud835\ude02\ud835\ude00 ? Le temps d\u2019un week-end, venez faire une pause, respirer, d\u00e9couvrir, \u00e9changer, vous d\u00e9tendre\u2026 et prendre soin de vous comme de la plan\u00e8te ! Pour cette 3e [&hellip;]<\/p>\n","protected":false},"author":1,"featured_media":19937,"comment_status":"closed","ping_status":"closed","sticky":false,"template":"","format":"standard","meta":{"footnotes":""},"categories":[26],"tags":[],"class_list":["post-19934","post","type-post","status-publish","format-standard","has-post-thumbnail","hentry","category-a-la-une"],"_links":{"self":[{"href":"https:\/\/www.villeneuve-les-beziers.fr\/es\/wp-json\/wp\/v2\/posts\/19934","targetHints":{"allow":["GET"]}}],"collection":[{"href":"https:\/\/www.villeneuve-les-beziers.fr\/es\/wp-json\/wp\/v2\/posts"}],"about":[{"href":"https:\/\/www.villeneuve-les-beziers.fr\/es\/wp-json\/wp\/v2\/types\/post"}],"author":[{"embeddable":true,"href":"https:\/\/www.villeneuve-les-beziers.fr\/es\/wp-json\/wp\/v2\/users\/1"}],"replies":[{"embeddable":true,"href":"https:\/\/www.villeneuve-les-beziers.fr\/es\/wp-json\/wp\/v2\/comments?post=19934"}],"version-history":[{"count":1,"href":"https:\/\/www.villeneuve-les-beziers.fr\/es\/wp-json\/wp\/v2\/posts\/19934\/revisions"}],"predecessor-version":[{"id":19936,"href":"https:\/\/www.villeneuve-les-beziers.fr\/es\/wp-json\/wp\/v2\/posts\/19934\/revisions\/19936"}],"wp:featuredmedia":[{"embeddable":true,"href":"https:\/\/www.villeneuve-les-beziers.fr\/es\/wp-json\/wp\/v2\/media\/19937"}],"wp:attachment":[{"href":"https:\/\/www.villeneuve-les-beziers.fr\/es\/wp-json\/wp\/v2\/media?parent=19934"}],"wp:term":[{"taxonomy":"category","embeddable":true,"href":"https:\/\/www.villeneuve-les-beziers.fr\/es\/wp-json\/wp\/v2\/categories?post=19934"},{"taxonomy":"post_tag","embeddable":true,"href":"https:\/\/www.villeneuve-les-beziers.fr\/es\/wp-json\/wp\/v2\/tags?post=19934"}],"curies":[{"name":"wp","href":"https:\/\/api.w.org\/{rel}","templated":true}]}}