{"id":19991,"date":"2025-05-26T16:23:09","date_gmt":"2025-05-26T14:23:09","guid":{"rendered":"https:\/\/www.villeneuve-les-beziers.fr\/?p=19991"},"modified":"2025-05-26T16:23:10","modified_gmt":"2025-05-26T14:23:10","slug":"%f0%9d%90%8b%f0%9d%90%a1%f0%9d%90%b2%f0%9d%90%a9%f0%9d%90%9e%f0%9d%90%ab-%f0%9d%90%9c%f0%9d%90%9e%f0%9d%90%a7%f0%9d%90%ad%f0%9d%90%ab%f0%9d%90%9e-%f0%9d%90%9d%f0%9d%90%9e%f0%9d%90%af","status":"publish","type":"post","link":"https:\/\/www.villeneuve-les-beziers.fr\/es\/a-la-une\/%f0%9d%90%8b%f0%9d%90%a1%f0%9d%90%b2%f0%9d%90%a9%f0%9d%90%9e%f0%9d%90%ab-%f0%9d%90%9c%f0%9d%90%9e%f0%9d%90%a7%f0%9d%90%ad%f0%9d%90%ab%f0%9d%90%9e-%f0%9d%90%9d%f0%9d%90%9e%f0%9d%90%af\/","title":{"rendered":"\u00a1\ud835\udc0b'\ud835\udc21\ud835\udc32\ud835\udc29\ud835\udc1e\ud835\udc2b-\ud835\udc1c\ud835\udc1e\ud835\udc27\ud835\udc2d\ud835\udc2b\ud835\udc1e \ud835\udc1d\ud835\udc1e\ud835\udc2f\ud835\udc22\ud835\udc1e\ud835\udc27\ud835\udc2d \ud835\udc2e\ud835\udc27\ud835\udc1e \ud835\udc33\ud835\udc28\ud835\udc27\ud835\udc1e \ud835\udc1d\ud835\udc1e \ud835\udc2b\ud835\udc1e\ud835\udc27\ud835\udc1c\ud835\udc28\ud835\udc27\ud835\udc2d\ud835\udc2b\ud835\udc1e : \ud835\udc29\ud835\udc2b\ud835\udc22\ud835\udc28\ud835\udc2b\ud835\udc22\ud835\udc2d\ud835\udc1e\u0301 \ud835\udc1a\ud835\udc2e\ud835\udc31 \ud835\udc29\ud835\udc22\ud835\udc1e\u0301\ud835\udc2d\ud835\udc28\ud835\udc27\ud835\udc2c \ud835\udc1e\ud835\udc2d \ud835\udc1a\u0300 \ud835\udc25\ud835\udc1a \ud835\udc1c\ud835\udc28\ud835\udc27\ud835\udc2f\ud835\udc22\ud835\udc2f\ud835\udc22\ud835\udc1a\ud835\udc25\ud835\udc22\ud835\udc2d\ud835\udc1e\u0301 !"},"content":{"rendered":"<p><img loading=\"lazy\" decoding=\"async\" height=\"16\" width=\"16\" alt=\"\ud83d\udccc\" src=\"https:\/\/static.xx.fbcdn.net\/images\/emoji.php\/v9\/tac\/1\/16\/1f4cc.png\"> Como parte de nuestra pol\u00edtica de mejora de la calidad de vida y s<a><\/a>Para reducir el tr\u00e1fico, el ayuntamiento ha decidido crear una \"zona de encuentro\" en el coraz\u00f3n del pueblo.<\/p>\n\n\n\n<p><img loading=\"lazy\" decoding=\"async\" height=\"16\" width=\"16\" alt=\"\ud83d\udc49\" src=\"https:\/\/static.xx.fbcdn.net\/images\/emoji.php\/v9\/t51\/1\/16\/1f449.png\"> Este dispositivo, previsto en el C\u00f3digo de la Circulaci\u00f3n, tiene por objeto favorecer una cohabitaci\u00f3n armoniosa entre peatones, ciclistas y automovilistas, mejorando al mismo tiempo el atractivo y la convivialidad de nuestro centro urbano.<\/p>\n\n\n\n<p>\ud835\udde4\ud835\ude02'\ud835\uddf2\ud835\ude00\ud835\ude01-\ud835\uddf0\ud835\uddf2 \ud835\uddfe\ud835\ude02'\ud835\ude02\ud835\uddfb\ud835\uddf2 \ud835\ude07\ud835\uddfc\ud835\uddfb\ud835\uddf2 \ud835\uddf1\ud835\uddf2 \ud835\uddff\ud835\uddf2\ud835\uddfb\ud835\uddf0\ud835\uddfc\ud835\uddfb\ud835\ude01\ud835\uddff\ud835\uddf2?<\/p>\n\n\n\n<p><img loading=\"lazy\" decoding=\"async\" height=\"16\" width=\"16\" alt=\"\ud83d\ude0a\" src=\"https:\/\/static.xx.fbcdn.net\/images\/emoji.php\/v9\/t7f\/1\/16\/1f60a.png\"> Se trata de una zona donde la velocidad de los veh\u00edculos est\u00e1 limitada a 20 km\/h y donde los peatones tienen prioridad en toda la calzada.<\/p>\n\n\n\n<p>Los ciclistas pueden circular en ambas direcciones, a menos que se indique lo contrario, y el estacionamiento s\u00f3lo est\u00e1 permitido en los espacios designados.<\/p>\n\n\n\n<p>\ud835\udde3\ud835\uddfc\ud835\ude02\ud835\uddff\ud835\uddfe\ud835\ude02\ud835\uddfc\ud835\uddf6 \ud835\uddf0\ud835\uddf2 \ud835\uddf0\ud835\uddf5\ud835\uddfc\ud835\uddf6\ud835\ude05?<\/p>\n\n\n\n<p>Hay varias razones para crear esta zona:<\/p>\n\n\n\n<p><img loading=\"lazy\" decoding=\"async\" height=\"16\" width=\"16\" alt=\"\ud83d\udd38\" src=\"https:\/\/static.xx.fbcdn.net\/images\/emoji.php\/v9\/t72\/1\/16\/1f538.png\"> Hacerlo m\u00e1s seguro para los peatones, especialmente los ni\u00f1os y los ancianos;<\/p>\n\n\n\n<p><img loading=\"lazy\" decoding=\"async\" height=\"16\" width=\"16\" alt=\"\ud83d\udd38\" src=\"https:\/\/static.xx.fbcdn.net\/images\/emoji.php\/v9\/t72\/1\/16\/1f538.png\"> Fomentar la movilidad suave y los modos de transporte alternativos;<\/p>\n\n\n\n<p><img loading=\"lazy\" decoding=\"async\" height=\"16\" width=\"16\" alt=\"\ud83d\udd38\" src=\"https:\/\/static.xx.fbcdn.net\/images\/emoji.php\/v9\/t72\/1\/16\/1f538.png\"> Revitalizar el centro de la ciudad fomentando los intercambios y la vida local.<\/p>\n\n\n\n<p>\ud835\udde2\ud835\ude02\u0300 \ud835\ude00'\ud835\uddee\ud835\uddfd\ud835\uddfd\ud835\uddf9\ud835\uddf6\ud835\uddfe\ud835\ude02\ud835\uddf2-\ud835\ude01-\ud835\uddf2\ud835\uddf9\ud835\uddf9\ud835\uddf2?<\/p>\n\n\n\n<p>La zona de reuni\u00f3n abarca el \u00e1rea indicada en rojo en el mapa adjunto.<\/p>\n\n\n\n<p>Se instalar\u00e1 una se\u00f1alizaci\u00f3n espec\u00edfica para informar a todos los usuarios.<\/p>\n\n\n\n<p>\ud835\udde4\ud835\ude02\ud835\uddee\ud835\uddfb\ud835\uddf1?<\/p>\n\n\n\n<p>La zona de encuentro estar\u00e1 en funcionamiento a partir de junio.<\/p>\n\n\n\n<p>Invitamos a todos a respetar estas nuevas normas por el bienestar y la seguridad de todos.<\/p>\n\n\n\n<p><img loading=\"lazy\" decoding=\"async\" height=\"16\" width=\"16\" alt=\"\ud83d\udc6e\u200d\u2642\ufe0f\" src=\"https:\/\/static.xx.fbcdn.net\/images\/emoji.php\/v9\/t2b\/1\/16\/1f46e_200d_2642.png\">Si tiene alguna pregunta o sugerencia, no dude en ponerse en contacto con el Ayuntamiento o con la polic\u00eda municipal.<\/p>","protected":false},"excerpt":{"rendered":"<p>Dans le cadre de notre politique d\u2019am\u00e9lioration du cadre de vie et de s\u00e9curisation des d\u00e9placements, la municipalit\u00e9 a d\u00e9cid\u00e9 de cr\u00e9er une \u00ab zone de rencontre \u00bb au c\u0153ur du village. Ce dispositif, pr\u00e9vu par le Code de la route, vise \u00e0 favoriser la cohabitation harmonieuse entre pi\u00e9tons, cyclistes et automobilistes, tout en renfor\u00e7ant [&hellip;]<\/p>\n","protected":false},"author":1,"featured_media":19992,"comment_status":"closed","ping_status":"closed","sticky":false,"template":"","format":"standard","meta":{"footnotes":""},"categories":[26],"tags":[],"class_list":["post-19991","post","type-post","status-publish","format-standard","has-post-thumbnail","hentry","category-a-la-une"],"_links":{"self":[{"href":"https:\/\/www.villeneuve-les-beziers.fr\/es\/wp-json\/wp\/v2\/posts\/19991","targetHints":{"allow":["GET"]}}],"collection":[{"href":"https:\/\/www.villeneuve-les-beziers.fr\/es\/wp-json\/wp\/v2\/posts"}],"about":[{"href":"https:\/\/www.villeneuve-les-beziers.fr\/es\/wp-json\/wp\/v2\/types\/post"}],"author":[{"embeddable":true,"href":"https:\/\/www.villeneuve-les-beziers.fr\/es\/wp-json\/wp\/v2\/users\/1"}],"replies":[{"embeddable":true,"href":"https:\/\/www.villeneuve-les-beziers.fr\/es\/wp-json\/wp\/v2\/comments?post=19991"}],"version-history":[{"count":1,"href":"https:\/\/www.villeneuve-les-beziers.fr\/es\/wp-json\/wp\/v2\/posts\/19991\/revisions"}],"predecessor-version":[{"id":19993,"href":"https:\/\/www.villeneuve-les-beziers.fr\/es\/wp-json\/wp\/v2\/posts\/19991\/revisions\/19993"}],"wp:featuredmedia":[{"embeddable":true,"href":"https:\/\/www.villeneuve-les-beziers.fr\/es\/wp-json\/wp\/v2\/media\/19992"}],"wp:attachment":[{"href":"https:\/\/www.villeneuve-les-beziers.fr\/es\/wp-json\/wp\/v2\/media?parent=19991"}],"wp:term":[{"taxonomy":"category","embeddable":true,"href":"https:\/\/www.villeneuve-les-beziers.fr\/es\/wp-json\/wp\/v2\/categories?post=19991"},{"taxonomy":"post_tag","embeddable":true,"href":"https:\/\/www.villeneuve-les-beziers.fr\/es\/wp-json\/wp\/v2\/tags?post=19991"}],"curies":[{"name":"wp","href":"https:\/\/api.w.org\/{rel}","templated":true}]}}