{"id":20072,"date":"2025-06-30T11:36:45","date_gmt":"2025-06-30T09:36:45","guid":{"rendered":"https:\/\/www.villeneuve-les-beziers.fr\/?p=20072"},"modified":"2025-06-30T11:37:02","modified_gmt":"2025-06-30T09:37:02","slug":"nuevo-horario-de-correos","status":"publish","type":"post","link":"https:\/\/www.villeneuve-les-beziers.fr\/es\/a-la-une\/la-poste-nouveaux-horaires\/","title":{"rendered":"Nuevos horarios de apertura en La Poste"},"content":{"rendered":"<h4 class=\"wp-block-heading\" id=\"nouveaux-horaires-temporaires\">La Oficina de Correos de VILLENEUVE-LES-BEZIERS desea informarle de sus nuevos horarios de apertura para el periodo comprendido entre el 30 de junio y el 30 de agosto de 2025.<\/h4>\n\n\n\n<ul class=\"wp-block-list\">\n<li>De lunes a viernes, de 14.00 a 17.00 horas (ma\u00f1anas y s\u00e1bados cerrado)<\/li>\n<\/ul>\n\n\n\n<p><strong>Vuelta a los horarios normales el lunes 1 de septiembre de 2025.<\/strong><\/p>\n\n\n\n<p>Los servicios de La Poste y Banque Postale siguen estando disponibles las 24 horas del d\u00eda en&nbsp;<a href=\"http:\/\/www.laposte.fr\/\" target=\"_blank\" rel=\"noopener noreferrer nofollow\">www.laposte.fr<\/a>&nbsp;y&nbsp;<a href=\"http:\/\/www.labanquepostale.fr\/\" target=\"_blank\" rel=\"noopener noreferrer nofollow\">www.labanquepostale.fr<\/a><\/p>\n\n\n\n<p><\/p>","protected":false},"excerpt":{"rendered":"<p>La Oficina de Correos de VILLENEUVE-LES-BEZIERS le informa de sus nuevos horarios de apertura para el periodo comprendido entre el 30 de junio y el 30 de agosto de 2025. El lunes 1 de septiembre de 2025 volver\u00e1 a los horarios habituales. Los servicios de La Poste y Banque Postale seguir\u00e1n estando disponibles las 24 horas del d\u00eda en www.laposte.fr y www.labanquepostale.fr.<\/p>","protected":false},"author":1,"featured_media":20073,"comment_status":"closed","ping_status":"closed","sticky":false,"template":"","format":"standard","meta":{"footnotes":""},"categories":[26],"tags":[],"class_list":["post-20072","post","type-post","status-publish","format-standard","has-post-thumbnail","hentry","category-a-la-une"],"_links":{"self":[{"href":"https:\/\/www.villeneuve-les-beziers.fr\/es\/wp-json\/wp\/v2\/posts\/20072","targetHints":{"allow":["GET"]}}],"collection":[{"href":"https:\/\/www.villeneuve-les-beziers.fr\/es\/wp-json\/wp\/v2\/posts"}],"about":[{"href":"https:\/\/www.villeneuve-les-beziers.fr\/es\/wp-json\/wp\/v2\/types\/post"}],"author":[{"embeddable":true,"href":"https:\/\/www.villeneuve-les-beziers.fr\/es\/wp-json\/wp\/v2\/users\/1"}],"replies":[{"embeddable":true,"href":"https:\/\/www.villeneuve-les-beziers.fr\/es\/wp-json\/wp\/v2\/comments?post=20072"}],"version-history":[{"count":1,"href":"https:\/\/www.villeneuve-les-beziers.fr\/es\/wp-json\/wp\/v2\/posts\/20072\/revisions"}],"predecessor-version":[{"id":20074,"href":"https:\/\/www.villeneuve-les-beziers.fr\/es\/wp-json\/wp\/v2\/posts\/20072\/revisions\/20074"}],"wp:featuredmedia":[{"embeddable":true,"href":"https:\/\/www.villeneuve-les-beziers.fr\/es\/wp-json\/wp\/v2\/media\/20073"}],"wp:attachment":[{"href":"https:\/\/www.villeneuve-les-beziers.fr\/es\/wp-json\/wp\/v2\/media?parent=20072"}],"wp:term":[{"taxonomy":"category","embeddable":true,"href":"https:\/\/www.villeneuve-les-beziers.fr\/es\/wp-json\/wp\/v2\/categories?post=20072"},{"taxonomy":"post_tag","embeddable":true,"href":"https:\/\/www.villeneuve-les-beziers.fr\/es\/wp-json\/wp\/v2\/tags?post=20072"}],"curies":[{"name":"wp","href":"https:\/\/api.w.org\/{rel}","templated":true}]}}