{"id":20116,"date":"2025-07-10T11:32:29","date_gmt":"2025-07-10T09:32:29","guid":{"rendered":"https:\/\/www.villeneuve-les-beziers.fr\/?p=20116"},"modified":"2025-07-10T11:36:33","modified_gmt":"2025-07-10T09:36:33","slug":"prohibido-fumar-en-los-nuevos-lugares-publicos-a-partir-del-1-de-julio-de-2025","status":"publish","type":"post","link":"https:\/\/www.villeneuve-les-beziers.fr\/es\/a-la-une\/interdiction-de-fumer-dans-de-nouveaux-lieux-publics-depuis-le-1er-juillet-2025\/","title":{"rendered":"Prohibici\u00f3n de fumar en nuevos lugares p\u00fablicos a partir del 1 de julio de 2025"},"content":{"rendered":"<p>Para proteger a los m\u00e1s j\u00f3venes, est\u00e1 prohibido fumar en lugares p\u00fablicos. <\/p>\n\n\n\n<p>Esta prohibici\u00f3n se extender\u00e1 ahora a las nuevas zonas al aire libre en las que est\u00e9n presentes o expuestos ni\u00f1os y adolescentes.<\/p>\n\n\n\n<p>Desde el 1<sup>er<\/sup>\u00a0julio de 2025, por lo que queda prohibido fumar en los siguientes lugares durante las horas o periodos de apertura:<\/p>\n\n\n\n<ul class=\"wp-block-list\">\n<li>parques y jardines p\u00fablicos ;<\/li>\n\n\n\n<li>playas que bordean las aguas de ba\u00f1o ;<\/li>\n\n\n\n<li>marquesinas de autob\u00fas y zonas cubiertas de espera de pasajeros ;<\/li>\n\n\n\n<li>En las inmediaciones de escuelas, colegios, liceos y otros lugares destinados a la acogida, formaci\u00f3n o alojamiento de menores;<\/li>\n\n\n\n<li>espacios abiertos y zonas alrededor de bibliotecas, piscinas, estadios e instalaciones deportivas.<\/li>\n<\/ul>\n\n\n\n<p>\u2139\ufe0f M\u00e1s informaci\u00f3n:<\/p>\n\n\n\n<p><a href=\"https:\/\/www.tabac-info-service.fr\" target=\"_blank\" rel=\"noopener noreferrer nofollow\">https:\/\/www.tabac-info-service.fr<\/a><\/p>\n\n\n\n<p><a href=\"https:\/\/www.ameli.fr\/assure\/sante\/themes\/tabac\/tabac-produits-chiffres\" target=\"_blank\" rel=\"noopener noreferrer nofollow\">https:\/\/www.ameli.fr\/assure\/sante\/themes\/tabac\/tabac-produits-chiffres<\/a><\/p>","protected":false},"excerpt":{"rendered":"<p>Pour prot\u00e9ger les plus jeunes, il est interdit de fumer dans les lieux collectifs. Cette interdiction va d\u00e9sormais s&rsquo;\u00e9tendre \u00e0 de nouveaux espaces ext\u00e9rieurs, l\u00e0 o\u00f9 les enfants et adolescents sont pr\u00e9sents ou expos\u00e9s. Depuis le 1er\u00a0juillet\u00a02025, il est donc interdit de fumer dans les lieux suivants, pendant les heures ou p\u00e9riodes d\u2019ouverture\u00a0: \u2139\ufe0f Plus [&hellip;]<\/p>\n","protected":false},"author":1,"featured_media":20117,"comment_status":"closed","ping_status":"closed","sticky":false,"template":"","format":"standard","meta":{"footnotes":""},"categories":[26],"tags":[],"class_list":["post-20116","post","type-post","status-publish","format-standard","has-post-thumbnail","hentry","category-a-la-une"],"_links":{"self":[{"href":"https:\/\/www.villeneuve-les-beziers.fr\/es\/wp-json\/wp\/v2\/posts\/20116","targetHints":{"allow":["GET"]}}],"collection":[{"href":"https:\/\/www.villeneuve-les-beziers.fr\/es\/wp-json\/wp\/v2\/posts"}],"about":[{"href":"https:\/\/www.villeneuve-les-beziers.fr\/es\/wp-json\/wp\/v2\/types\/post"}],"author":[{"embeddable":true,"href":"https:\/\/www.villeneuve-les-beziers.fr\/es\/wp-json\/wp\/v2\/users\/1"}],"replies":[{"embeddable":true,"href":"https:\/\/www.villeneuve-les-beziers.fr\/es\/wp-json\/wp\/v2\/comments?post=20116"}],"version-history":[{"count":1,"href":"https:\/\/www.villeneuve-les-beziers.fr\/es\/wp-json\/wp\/v2\/posts\/20116\/revisions"}],"predecessor-version":[{"id":20118,"href":"https:\/\/www.villeneuve-les-beziers.fr\/es\/wp-json\/wp\/v2\/posts\/20116\/revisions\/20118"}],"wp:featuredmedia":[{"embeddable":true,"href":"https:\/\/www.villeneuve-les-beziers.fr\/es\/wp-json\/wp\/v2\/media\/20117"}],"wp:attachment":[{"href":"https:\/\/www.villeneuve-les-beziers.fr\/es\/wp-json\/wp\/v2\/media?parent=20116"}],"wp:term":[{"taxonomy":"category","embeddable":true,"href":"https:\/\/www.villeneuve-les-beziers.fr\/es\/wp-json\/wp\/v2\/categories?post=20116"},{"taxonomy":"post_tag","embeddable":true,"href":"https:\/\/www.villeneuve-les-beziers.fr\/es\/wp-json\/wp\/v2\/tags?post=20116"}],"curies":[{"name":"wp","href":"https:\/\/api.w.org\/{rel}","templated":true}]}}