{"id":20120,"date":"2025-07-10T11:45:00","date_gmt":"2025-07-10T09:45:00","guid":{"rendered":"https:\/\/www.villeneuve-les-beziers.fr\/?p=20120"},"modified":"2025-07-11T08:33:45","modified_gmt":"2025-07-11T06:33:45","slug":"mostrador-de-alimentacion-2025-2026","status":"publish","type":"post","link":"https:\/\/www.villeneuve-les-beziers.fr\/es\/a-la-une\/comptoir-alimentaire-2025-2026\/","title":{"rendered":"Mostrador de alimentos 2025-2026"},"content":{"rendered":"<p>El mostrador de alimentaci\u00f3n reanudar\u00e1 sus actividades a partir de&nbsp;<strong>Martes 9 de septiembre de 2025<\/strong>&nbsp;!<\/p>\n\n\n\n<p>\u00bfDesea beneficiarse? La CCAS puede ayudarle.<\/p>\n\n\n\n<p>La ayuda alimentaria est\u00e1 sujeta a ciertas condiciones:<\/p>\n\n\n\n<p>\ud83d\udc49 Presentar una solicitud completa :<\/p>\n\n\n\n<p><strong><a href=\"https:\/\/www.villeneuve-les-beziers.fr\/wp-content\/uploads\/2021\/08\/reglementinterieur.pdf\">\u21d2Reglas internas<\/a><\/strong><br><strong><a href=\"https:\/\/www.villeneuve-les-beziers.fr\/wp-content\/uploads\/2021\/08\/reglementinterieur.pdf\">\u21d2<\/a><a href=\"https:\/\/www.villeneuve-les-beziers.fr\/wp-content\/uploads\/2021\/08\/beneficiaire_charte.pdf\">Carta del beneficiario<\/a><\/strong><br><strong><a href=\"https:\/\/www.villeneuve-les-beziers.fr\/wp-content\/uploads\/2021\/08\/reglementinterieur.pdf\">\u21d2<\/a><a href=\"https:\/\/www.villeneuve-les-beziers.fr\/wp-content\/uploads\/2021\/08\/dossier-demande.pdf\">Expediente de solicitud<\/a><\/strong><\/p>\n\n\n\n<p>\ud83d\udc49 Verificaci\u00f3n de sus recursos seg\u00fan un baremo establecido<\/p>\n\n\n\n<p>P\u00f3ngase en contacto con la CCAS en\u00a0<strong>04 67 39 90 03<\/strong> para m\u00e1s informaci\u00f3n o para recoger un expediente.<\/p>\n\n\n\n<p>\u26a0\ufe0f <strong>ATENCI\u00d3N<\/strong>&nbsp;:&nbsp;<strong>La CCAS permanecer\u00e1 cerrada del 21 de julio al 1 de agosto de 2025, ambos inclusive.<\/strong>. \u00a1No olvide planificar con antelaci\u00f3n!<\/p>","protected":false},"excerpt":{"rendered":"<p>Le comptoir alimentaire reprendra ses activit\u00e9s \u00e0 partir du&nbsp;mardi 9 septembre 2025&nbsp;! Vous souhaitez en b\u00e9n\u00e9ficier ? Le CCAS vous accompagne dans vos d\u00e9marches. L\u2019aide alimentaire est soumise \u00e0 certaines conditions : \ud83d\udc49 D\u00e9p\u00f4t d&rsquo;un dossier complet : \u21d2R\u00e8glement int\u00e9rieur\u21d2Charte du b\u00e9n\u00e9ficiaire\u21d2Dossier de demande \ud83d\udc49 V\u00e9rification de vos ressources selon un bar\u00e8me \u00e9tabli Contactez le [&hellip;]<\/p>\n","protected":false},"author":1,"featured_media":14334,"comment_status":"closed","ping_status":"closed","sticky":false,"template":"","format":"standard","meta":{"footnotes":""},"categories":[26],"tags":[],"class_list":["post-20120","post","type-post","status-publish","format-standard","has-post-thumbnail","hentry","category-a-la-une"],"_links":{"self":[{"href":"https:\/\/www.villeneuve-les-beziers.fr\/es\/wp-json\/wp\/v2\/posts\/20120","targetHints":{"allow":["GET"]}}],"collection":[{"href":"https:\/\/www.villeneuve-les-beziers.fr\/es\/wp-json\/wp\/v2\/posts"}],"about":[{"href":"https:\/\/www.villeneuve-les-beziers.fr\/es\/wp-json\/wp\/v2\/types\/post"}],"author":[{"embeddable":true,"href":"https:\/\/www.villeneuve-les-beziers.fr\/es\/wp-json\/wp\/v2\/users\/1"}],"replies":[{"embeddable":true,"href":"https:\/\/www.villeneuve-les-beziers.fr\/es\/wp-json\/wp\/v2\/comments?post=20120"}],"version-history":[{"count":2,"href":"https:\/\/www.villeneuve-les-beziers.fr\/es\/wp-json\/wp\/v2\/posts\/20120\/revisions"}],"predecessor-version":[{"id":20132,"href":"https:\/\/www.villeneuve-les-beziers.fr\/es\/wp-json\/wp\/v2\/posts\/20120\/revisions\/20132"}],"wp:featuredmedia":[{"embeddable":true,"href":"https:\/\/www.villeneuve-les-beziers.fr\/es\/wp-json\/wp\/v2\/media\/14334"}],"wp:attachment":[{"href":"https:\/\/www.villeneuve-les-beziers.fr\/es\/wp-json\/wp\/v2\/media?parent=20120"}],"wp:term":[{"taxonomy":"category","embeddable":true,"href":"https:\/\/www.villeneuve-les-beziers.fr\/es\/wp-json\/wp\/v2\/categories?post=20120"},{"taxonomy":"post_tag","embeddable":true,"href":"https:\/\/www.villeneuve-les-beziers.fr\/es\/wp-json\/wp\/v2\/tags?post=20120"}],"curies":[{"name":"wp","href":"https:\/\/api.w.org\/{rel}","templated":true}]}}