{"id":20468,"date":"2025-10-22T17:12:29","date_gmt":"2025-10-22T15:12:29","guid":{"rendered":"https:\/\/www.villeneuve-les-beziers.fr\/?p=20468"},"modified":"2025-10-27T13:19:06","modified_gmt":"2025-10-27T12:19:06","slug":"alerta-amarilla-por-viento","status":"publish","type":"post","link":"https:\/\/www.villeneuve-les-beziers.fr\/es\/a-la-une\/vigilance-jaune-vent\/","title":{"rendered":"Alerta amarilla \u00abviento\u00bb"},"content":{"rendered":"<p>M\u00e9t\u00e9o France ha puesto al departamento de H\u00e9rault bajo alerta amarilla por viento,<strong> Jueves 23 de octubre<\/strong>.<\/p>\n\n\n\n<p>Se esperan r\u00e1fagas de 90 a 110 km\/h en las llanuras, y alcanzar\u00e1n de 100 a 120 km\/h en las zonas m\u00e1s altas.<\/p>\n\n\n\n<p>Se requiere una vigilancia extrema durante este fen\u00f3meno.<\/p>","protected":false},"excerpt":{"rendered":"<p>M\u00e9t\u00e9o France ha puesto al departamento de H\u00e9rault bajo alerta amarilla por viento el jueves 23 de octubre. Se esperan rachas de 90 a 110 km\/h en las llanuras, que aumentar\u00e1n hasta 100 a 120 km\/h en las zonas m\u00e1s altas. Se requiere una vigilancia extrema durante este fen\u00f3meno.<\/p>","protected":false},"author":1,"featured_media":20469,"comment_status":"closed","ping_status":"closed","sticky":false,"template":"","format":"standard","meta":{"footnotes":""},"categories":[26],"tags":[],"class_list":["post-20468","post","type-post","status-publish","format-standard","has-post-thumbnail","hentry","category-a-la-une"],"_links":{"self":[{"href":"https:\/\/www.villeneuve-les-beziers.fr\/es\/wp-json\/wp\/v2\/posts\/20468","targetHints":{"allow":["GET"]}}],"collection":[{"href":"https:\/\/www.villeneuve-les-beziers.fr\/es\/wp-json\/wp\/v2\/posts"}],"about":[{"href":"https:\/\/www.villeneuve-les-beziers.fr\/es\/wp-json\/wp\/v2\/types\/post"}],"author":[{"embeddable":true,"href":"https:\/\/www.villeneuve-les-beziers.fr\/es\/wp-json\/wp\/v2\/users\/1"}],"replies":[{"embeddable":true,"href":"https:\/\/www.villeneuve-les-beziers.fr\/es\/wp-json\/wp\/v2\/comments?post=20468"}],"version-history":[{"count":1,"href":"https:\/\/www.villeneuve-les-beziers.fr\/es\/wp-json\/wp\/v2\/posts\/20468\/revisions"}],"predecessor-version":[{"id":20470,"href":"https:\/\/www.villeneuve-les-beziers.fr\/es\/wp-json\/wp\/v2\/posts\/20468\/revisions\/20470"}],"wp:featuredmedia":[{"embeddable":true,"href":"https:\/\/www.villeneuve-les-beziers.fr\/es\/wp-json\/wp\/v2\/media\/20469"}],"wp:attachment":[{"href":"https:\/\/www.villeneuve-les-beziers.fr\/es\/wp-json\/wp\/v2\/media?parent=20468"}],"wp:term":[{"taxonomy":"category","embeddable":true,"href":"https:\/\/www.villeneuve-les-beziers.fr\/es\/wp-json\/wp\/v2\/categories?post=20468"},{"taxonomy":"post_tag","embeddable":true,"href":"https:\/\/www.villeneuve-les-beziers.fr\/es\/wp-json\/wp\/v2\/tags?post=20468"}],"curies":[{"name":"wp","href":"https:\/\/api.w.org\/{rel}","templated":true}]}}