{"id":15832,"date":"2022-06-20T10:04:18","date_gmt":"2022-06-20T08:04:18","guid":{"rendered":"https:\/\/www.villeneuve-les-beziers.fr\/?p=15832"},"modified":"2022-06-20T10:04:46","modified_gmt":"2022-06-20T08:04:46","slug":"15832-2","status":"publish","type":"post","link":"https:\/\/www.villeneuve-les-beziers.fr\/it\/a-la-une\/15832-2\/","title":{"rendered":"Spegnimento notturno dell'illuminazione pubblica."},"content":{"rendered":"<p><span class=\"pq6dq46d tbxw36s4 knj5qynh kvgmc6g5 ditlmg2l oygrvhab nvdbi5me sf5mxxl7 gl3lb2sf hhz5lgdu\"><img loading=\"lazy\" decoding=\"async\" src=\"https:\/\/static.xx.fbcdn.net\/images\/emoji.php\/v9\/td2\/2\/16\/1f319.png\" alt=\"\ud83c\udf19\" width=\"16\" height=\"16\" \/><\/span> <span class=\"pq6dq46d tbxw36s4 knj5qynh kvgmc6g5 ditlmg2l oygrvhab nvdbi5me sf5mxxl7 gl3lb2sf hhz5lgdu\"><img loading=\"lazy\" decoding=\"async\" src=\"https:\/\/static.xx.fbcdn.net\/images\/emoji.php\/v9\/t2d\/2\/16\/1f303.png\" alt=\"\ud83c\udf03\" width=\"16\" height=\"16\" \/>\u00a0Spegnimento notturno dell'illuminazione pubblica. \u00c8 il momento di attivare la modalit\u00e0 notturna.<br \/><br \/><\/span><span class=\"pq6dq46d tbxw36s4 knj5qynh kvgmc6g5 ditlmg2l oygrvhab nvdbi5me sf5mxxl7 gl3lb2sf hhz5lgdu\"><img loading=\"lazy\" decoding=\"async\" src=\"https:\/\/static.xx.fbcdn.net\/images\/emoji.php\/v9\/t1d\/2\/16\/1f4c5.png\" alt=\"\ud83d\udcc5\" width=\"16\" height=\"16\" \/><\/span> <strong>Riunione informativa pubblica mercoled\u00ec 29 giugno 2022 alle ore 19.00 presso l'Espace des Libert\u00e9s G\u00e9rard-Saumade.<\/strong><br \/><br \/><span class=\"pq6dq46d tbxw36s4 knj5qynh kvgmc6g5 ditlmg2l oygrvhab nvdbi5me sf5mxxl7 gl3lb2sf hhz5lgdu\"><img loading=\"lazy\" decoding=\"async\" src=\"https:\/\/static.xx.fbcdn.net\/images\/emoji.php\/v9\/tf0\/2\/16\/1f449.png\" alt=\"\ud83d\udc49\" width=\"16\" height=\"16\" \/><\/span>Villeneuve-l\u00e8s-B\u00e9ziers si impegna a spegnere la sua illuminazione pubblica. L'obiettivo \u00e8 quello di ridurre il consumo energetico e l'inquinamento luminoso, in linea con il forte impegno ambientale ed ecologico della citt\u00e0.<br \/><br \/><span class=\"pq6dq46d tbxw36s4 knj5qynh kvgmc6g5 ditlmg2l oygrvhab nvdbi5me sf5mxxl7 gl3lb2sf hhz5lgdu\"><img loading=\"lazy\" decoding=\"async\" src=\"https:\/\/static.xx.fbcdn.net\/images\/emoji.php\/v9\/tf0\/2\/16\/1f449.png\" alt=\"\ud83d\udc49\" width=\"16\" height=\"16\" \/><\/span>Anche l'illuminazione stradale \u00e8 spesso considerata un fattore chiave per la sicurezza. Molti progetti si scontrano con una resistenza basata sul timore di generare maggiore insicurezza o sulla sensazione di essere declassati, che deve essere presa in considerazione.<br \/>Tuttavia, le autorit\u00e0 locali che hanno introdotto questa misura non hanno notato alcun impatto sul numero di furti e di atti di vandalismo, la maggior parte dei quali avviene in pieno giorno.<br \/><span class=\"pq6dq46d tbxw36s4 knj5qynh kvgmc6g5 ditlmg2l oygrvhab nvdbi5me sf5mxxl7 gl3lb2sf hhz5lgdu\"><img loading=\"lazy\" decoding=\"async\" src=\"https:\/\/static.xx.fbcdn.net\/images\/emoji.php\/v9\/te2\/2\/16\/1f6a6.png\" alt=\"\ud83d\udea6\" width=\"16\" height=\"16\" \/>\u00a0<\/span>In termini di sicurezza stradale, in un'area con poca o nessuna illuminazione, gli automobilisti tendono a decelerare o addirittura a frenare per prestare maggiore attenzione allo stato della strada e alla loro traiettoria.<br \/><span class=\"pq6dq46d tbxw36s4 knj5qynh kvgmc6g5 ditlmg2l oygrvhab nvdbi5me sf5mxxl7 gl3lb2sf hhz5lgdu\"><img loading=\"lazy\" decoding=\"async\" src=\"https:\/\/static.xx.fbcdn.net\/images\/emoji.php\/v9\/tf0\/2\/16\/1f449.png\" alt=\"\ud83d\udc49\" width=\"16\" height=\"16\" \/><\/span>Questo esperimento, che inizier\u00e0 all'inizio del nuovo anno scolastico nel settembre 2022, fa anche parte della spinta a controllare la spesa pubblica riducendo il consumo energetico.<\/p>\n<p>\u00a0<\/p>\n<p>\u00a0<\/p>","protected":false},"excerpt":{"rendered":"","protected":false},"author":1,"featured_media":15833,"comment_status":"closed","ping_status":"closed","sticky":false,"template":"","format":"standard","meta":{"footnotes":""},"categories":[26],"tags":[],"class_list":["post-15832","post","type-post","status-publish","format-standard","has-post-thumbnail","hentry","category-a-la-une"],"_links":{"self":[{"href":"https:\/\/www.villeneuve-les-beziers.fr\/it\/wp-json\/wp\/v2\/posts\/15832","targetHints":{"allow":["GET"]}}],"collection":[{"href":"https:\/\/www.villeneuve-les-beziers.fr\/it\/wp-json\/wp\/v2\/posts"}],"about":[{"href":"https:\/\/www.villeneuve-les-beziers.fr\/it\/wp-json\/wp\/v2\/types\/post"}],"author":[{"embeddable":true,"href":"https:\/\/www.villeneuve-les-beziers.fr\/it\/wp-json\/wp\/v2\/users\/1"}],"replies":[{"embeddable":true,"href":"https:\/\/www.villeneuve-les-beziers.fr\/it\/wp-json\/wp\/v2\/comments?post=15832"}],"version-history":[{"count":0,"href":"https:\/\/www.villeneuve-les-beziers.fr\/it\/wp-json\/wp\/v2\/posts\/15832\/revisions"}],"wp:featuredmedia":[{"embeddable":true,"href":"https:\/\/www.villeneuve-les-beziers.fr\/it\/wp-json\/wp\/v2\/media\/15833"}],"wp:attachment":[{"href":"https:\/\/www.villeneuve-les-beziers.fr\/it\/wp-json\/wp\/v2\/media?parent=15832"}],"wp:term":[{"taxonomy":"category","embeddable":true,"href":"https:\/\/www.villeneuve-les-beziers.fr\/it\/wp-json\/wp\/v2\/categories?post=15832"},{"taxonomy":"post_tag","embeddable":true,"href":"https:\/\/www.villeneuve-les-beziers.fr\/it\/wp-json\/wp\/v2\/tags?post=15832"}],"curies":[{"name":"wp","href":"https:\/\/api.w.org\/{rel}","templated":true}]}}