{"id":16310,"date":"2022-09-08T08:47:53","date_gmt":"2022-09-08T06:47:53","guid":{"rendered":"https:\/\/www.villeneuve-les-beziers.fr\/?p=16310"},"modified":"2022-09-08T08:48:04","modified_gmt":"2022-09-08T06:48:04","slug":"spegnimento-notturno-dellilluminazione-pubblica","status":"publish","type":"post","link":"https:\/\/www.villeneuve-les-beziers.fr\/it\/a-la-une\/extinction-nocturne-de-leclairage-public\/","title":{"rendered":"Spegnimento notturno dell'illuminazione pubblica"},"content":{"rendered":"<div class=\"\" data-block=\"true\" data-editor=\"b7kls\" data-offset-key=\"cvlnm-0-0\">\n<div class=\"_1mf _1mj\" data-offset-key=\"cvlnm-0-0\"><span data-offset-key=\"cvlnm-0-0\">\ud83c\udf19 \ud83c\udf03\ud835\uddd8\ud835\uddeb\ud835\udde7\ud835\udddc\ud835\udde1\ud835\uddd6\ud835\udde7\ud835\udddc\ud835\udde2\ud835\udde1 \ud835\udde1\ud835\udde2\ud835\uddd6\ud835\udde7\ud835\udde8\ud835\udde5\ud835\udde1\ud835\uddd8 \ud835\uddd7\ud835\uddd8 \ud835\udddf'\ud835\uddd8\u0301\ud835\uddd6\ud835\udddf\ud835\uddd4\ud835\udddc\ud835\udde5\ud835\uddd4\ud835\uddda\ud835\uddd8 \ud835\udde3\ud835\udde8\ud835\uddd5\ud835\udddf\ud835\udddc\ud835\uddd6. <\/span><\/div>\n<\/div>\n<div class=\"\" data-block=\"true\" data-editor=\"b7kls\" data-offset-key=\"1535o-0-0\">\n<div class=\"_1mf _1mj\" data-offset-key=\"1535o-0-0\"><span data-offset-key=\"1535o-0-0\">\u00a0<\/span><\/div>\n<\/div>\n<div class=\"\" data-block=\"true\" data-editor=\"b7kls\" data-offset-key=\"8u6c9-0-0\">\n<div class=\"_1mf _1mj\" data-offset-key=\"8u6c9-0-0\"><span data-offset-key=\"8u6c9-0-0\">\ud83d\udcc5 \ud835\udc00\u0300 \ud835\udc29\ud835\udc1a\ud835\udc2b\ud835\udc2d\ud835\udc22\ud835\udc2b \ud835\udc1d\ud835\udc2e \ud835\udc23\ud835\udc1e\ud835\udc2e\ud835\udc1d\ud835\udc22 \ud835\udfcf\ud835\udfd3 \ud835\udc2c\ud835\udc1e\ud835\udc29\ud835\udc2d\ud835\udc1e\ud835\udc26\ud835\udc1b\ud835\udc2b\ud835\udc1e \ud835\udc1d\ud835\udc1e \ud835\udfcf\ud835\udc21 \ud835\udc23\ud835\udc2e\ud835\udc2c\ud835\udc2a\ud835\udc2e'\ud835\udc1a\u0300 \ud835\udfd3\ud835\udc21\ud835\udfd1\ud835\udfce \ud835\udc26\ud835\udc1a\ud835\udc2d\ud835\udc22\ud835\udc27.<\/span><\/div>\n<\/div>\n<div class=\"\" data-block=\"true\" data-editor=\"b7kls\" data-offset-key=\"cb9lt-0-0\">\n<div class=\"_1mf _1mj\" data-offset-key=\"cb9lt-0-0\"><span data-offset-key=\"cb9lt-0-0\">\u00a0<\/span><\/div>\n<\/div>\n<div class=\"\" data-block=\"true\" data-editor=\"b7kls\" data-offset-key=\"cgtp4-0-0\">\n<div class=\"_1mf _1mj\" data-offset-key=\"cgtp4-0-0\"><span data-offset-key=\"cgtp4-0-0\">\ud83d\udc49 Il Comune di Villeneuve-l\u00e8s-B\u00e9ziers si impegna a spegnere la sua illuminazione pubblica. L'obiettivo \u00e8 quello di ridurre il consumo energetico e l'inquinamento luminoso, in linea con il forte impegno ambientale ed ecologico della citt\u00e0.<\/span><\/div>\n<div data-offset-key=\"cgtp4-0-0\">\u00a0<\/div>\n<\/div>\n<div class=\"\" data-block=\"true\" data-editor=\"b7kls\" data-offset-key=\"6hgbt-0-0\">\n<div class=\"_1mf _1mj\" data-offset-key=\"6hgbt-0-0\"><span data-offset-key=\"6hgbt-0-0\">\ud83d\udc49 Anche l'illuminazione stradale \u00e8 spesso considerata un fattore chiave per la sicurezza. Molti progetti si scontrano con una resistenza basata sulla paura di generare maggiore insicurezza o su una sensazione di declassamento che deve essere presa in considerazione.<\/span><\/div>\n<\/div>\n<div class=\"\" data-block=\"true\" data-editor=\"b7kls\" data-offset-key=\"3n31m-0-0\">\n<div class=\"_1mf _1mj\" data-offset-key=\"3n31m-0-0\"><span data-offset-key=\"3n31m-0-0\">Tuttavia, le autorit\u00e0 locali che hanno introdotto questa misura non hanno notato alcun impatto sul numero di furti e di atti di vandalismo, la maggior parte dei quali avviene in pieno giorno.<\/span><\/div>\n<div data-offset-key=\"3n31m-0-0\">\u00a0<\/div>\n<\/div>\n<div class=\"\" data-block=\"true\" data-editor=\"b7kls\" data-offset-key=\"c90e-0-0\">\n<div class=\"_1mf _1mj\" data-offset-key=\"c90e-0-0\"><span data-offset-key=\"c90e-0-0\">\ud83d\udea6 Per quanto riguarda la sicurezza stradale, in una zona poco o per nulla illuminata, gli automobilisti tendono a decelerare o addirittura a frenare per prestare maggiore attenzione allo stato della strada e alla loro traiettoria.<\/span><\/div>\n<div data-offset-key=\"c90e-0-0\">\u00a0<\/div>\n<\/div>\n<div class=\"\" data-block=\"true\" data-editor=\"b7kls\" data-offset-key=\"bcai3-0-0\">\n<div class=\"_1mf _1mj\" data-offset-key=\"bcai3-0-0\"><span data-offset-key=\"bcai3-0-0\">\ud83d\udc49 Questo esperimento, che inizier\u00e0 la prossima settimana, fa anche parte della spinta a controllare la spesa pubblica riducendo il consumo di energia.<\/span><\/div>\n<\/div>","protected":false},"excerpt":{"rendered":"","protected":false},"author":1,"featured_media":16311,"comment_status":"closed","ping_status":"closed","sticky":false,"template":"","format":"standard","meta":{"footnotes":""},"categories":[26],"tags":[],"class_list":["post-16310","post","type-post","status-publish","format-standard","has-post-thumbnail","hentry","category-a-la-une"],"_links":{"self":[{"href":"https:\/\/www.villeneuve-les-beziers.fr\/it\/wp-json\/wp\/v2\/posts\/16310","targetHints":{"allow":["GET"]}}],"collection":[{"href":"https:\/\/www.villeneuve-les-beziers.fr\/it\/wp-json\/wp\/v2\/posts"}],"about":[{"href":"https:\/\/www.villeneuve-les-beziers.fr\/it\/wp-json\/wp\/v2\/types\/post"}],"author":[{"embeddable":true,"href":"https:\/\/www.villeneuve-les-beziers.fr\/it\/wp-json\/wp\/v2\/users\/1"}],"replies":[{"embeddable":true,"href":"https:\/\/www.villeneuve-les-beziers.fr\/it\/wp-json\/wp\/v2\/comments?post=16310"}],"version-history":[{"count":0,"href":"https:\/\/www.villeneuve-les-beziers.fr\/it\/wp-json\/wp\/v2\/posts\/16310\/revisions"}],"wp:featuredmedia":[{"embeddable":true,"href":"https:\/\/www.villeneuve-les-beziers.fr\/it\/wp-json\/wp\/v2\/media\/16311"}],"wp:attachment":[{"href":"https:\/\/www.villeneuve-les-beziers.fr\/it\/wp-json\/wp\/v2\/media?parent=16310"}],"wp:term":[{"taxonomy":"category","embeddable":true,"href":"https:\/\/www.villeneuve-les-beziers.fr\/it\/wp-json\/wp\/v2\/categories?post=16310"},{"taxonomy":"post_tag","embeddable":true,"href":"https:\/\/www.villeneuve-les-beziers.fr\/it\/wp-json\/wp\/v2\/tags?post=16310"}],"curies":[{"name":"wp","href":"https:\/\/api.w.org\/{rel}","templated":true}]}}