{"id":18850,"date":"2024-11-08T16:51:42","date_gmt":"2024-11-08T15:51:42","guid":{"rendered":"https:\/\/www.villeneuve-les-beziers.fr\/?p=18850"},"modified":"2024-11-08T16:51:43","modified_gmt":"2024-11-08T15:51:43","slug":"cerimonia-di-commemorazione-dellarmistizio-dell11-novembre-1918","status":"publish","type":"post","link":"https:\/\/www.villeneuve-les-beziers.fr\/it\/a-la-une\/ceremonie-de-commemoration-de-larmistice-du-11-novembre-1918\/","title":{"rendered":"Cerimonia per commemorare l'Armistizio dell'11 novembre 1918"},"content":{"rendered":"<p><img loading=\"lazy\" decoding=\"async\" height=\"16\" width=\"16\" alt=\"\ud83c\uddeb\ud83c\uddf7\" src=\"https:\/\/static.xx.fbcdn.net\/images\/emoji.php\/v9\/t74\/1\/16\/1f1eb_1f1f7.png\"> \ud835\udc02\ud835\udc1e\u0301\ud835\udc2b\ud835\udc1e\u0301\ud835\udc26\ud835\udc28\ud835\udc27\ud835\udc22\ud835\udc1e \ud835\udc1d\ud835\udc1e \ud835\udc02\ud835\udc28\ud835\udc26\ud835\udc26\ud835\udc1e\u0301\ud835\udc26\ud835\udc28\ud835\udc2b\ud835\udc1a\ud835\udc2d\ud835\udc22\ud835\udc28\ud835\udc27 \ud835\udc1d\ud835\udc1e \ud835\udc25'\ud835\udc00\ud835\udc2b\ud835\udc26\ud835\udc22\ud835\udc2c\ud835\udc2d\ud835\udc22\ud835\udc1c\ud835\udc1e \ud835\udc1d\ud835\udc2e \ud835\udfcf\ud835\udfcf \ud835\udc27\ud835\udc28\ud835\udc2f\ud835\udc1e\ud835\udc26\ud835\udc1b\ud835\udc2b\ud835\udc1e \ud835\udfcf\ud835\udfd7\ud835\udfcf\ud835\udfd6 <img loading=\"lazy\" decoding=\"async\" height=\"16\" width=\"16\" alt=\"\ud83c\uddeb\ud83c\uddf7\" src=\"https:\/\/static.xx.fbcdn.net\/images\/emoji.php\/v9\/t74\/1\/16\/1f1eb_1f1f7.png\"><\/p>\n\n\n\n<p><img loading=\"lazy\" decoding=\"async\" height=\"16\" width=\"16\" alt=\"\ud83c\uddeb\ud83c\uddf7\" src=\"https:\/\/static.xx.fbcdn.net\/images\/emoji.php\/v9\/t74\/1\/16\/1f1eb_1f1f7.png\"> \ud835\udc07\ud835\udc28\ud835\udc26\ud835\udc26\ud835\udc1a\ud835\udc20\ud835\udc1e \ud835\udc1a\u0300 \ud835\udc2d\ud835\udc28\ud835\udc2e\ud835\udc2c \ud835\udc25\ud835\udc1e\ud835\udc2c \ud835\udc0c\ud835\udc28\ud835\udc2b\ud835\udc2d\ud835\udc2c \ud835\udc29\ud835\udc28\ud835\udc2e\ud835\udc2b \ud835\udc25\ud835\udc1a \ud835\udc05\ud835\udc2b\ud835\udc1a\ud835\udc27\ud835\udc1c\ud835\udc1e <img loading=\"lazy\" decoding=\"async\" height=\"16\" width=\"16\" alt=\"\ud83c\uddeb\ud83c\uddf7\" src=\"https:\/\/static.xx.fbcdn.net\/images\/emoji.php\/v9\/t74\/1\/16\/1f1eb_1f1f7.png\"><\/p>\n\n\n\n<p>A fianco dei nostri veterani, Fabrice Solans, Sindaco di Villeneuve-l\u00e8s-B\u00e9ziers, e il suo Consiglio Comunale la invitano a partecipare alla tradizionale cerimonia di commemorazione dell'Armistizio dell'11 novembre 1918 questo luned\u00ec.<\/p>\n\n\n\n<p>Una grande opportunit\u00e0 per riunirsi per <a><\/a>per rendere omaggio a tutti i soldati francesi caduti sul campo dell'onore, a tutte le vittime civili e militari del passato e del presente.<\/p>\n\n\n\n<p><img loading=\"lazy\" decoding=\"async\" height=\"16\" width=\"16\" alt=\"\ud83d\udc49\" src=\"https:\/\/static.xx.fbcdn.net\/images\/emoji.php\/v9\/t51\/1\/16\/1f449.png\">Si ritrovi alle 10.45 davanti all'H\u00f4tel de Ville per partecipare alla sfilata verso il monumento ai caduti.<\/p>\n\n\n\n<p>La cerimonia avr\u00e0 luogo alle 11 e sar\u00e0 seguita da una cerimonia di deposizione di corone.<\/p>\n\n\n\n<p>Per concludere questo dovere di memoria, verr\u00e0 condiviso un drink amichevole presso la Maison de la M\u00e9moire du Combattant, in place Samuel-Paty.<\/p>","protected":false},"excerpt":{"rendered":"<p>\ud835\udc02\ud835\udc1e\u0301\ud835\udc2b\ud835\udc1e\u0301\ud835\udc26\ud835\udc28\ud835\udc27\ud835\udc22\ud835\udc1e \ud835\udc1d\ud835\udc1e \ud835\udc02\ud835\udc28\ud835\udc26\ud835\udc26\ud835\udc1e\u0301\ud835\udc26\ud835\udc28\ud835\udc2b\ud835\udc1a\ud835\udc2d\ud835\udc22\ud835\udc28\ud835\udc27 \ud835\udc1d\ud835\udc1e \ud835\udc25\u2019\ud835\udc00\ud835\udc2b\ud835\udc26\ud835\udc22\ud835\udc2c\ud835\udc2d\ud835\udc22\ud835\udc1c\ud835\udc1e \ud835\udc1d\ud835\udc2e \ud835\udfcf\ud835\udfcf \ud835\udc27\ud835\udc28\ud835\udc2f\ud835\udc1e\ud835\udc26\ud835\udc1b\ud835\udc2b\ud835\udc1e \ud835\udfcf\ud835\udfd7\ud835\udfcf\ud835\udfd6 \ud835\udc07\ud835\udc28\ud835\udc26\ud835\udc26\ud835\udc1a\ud835\udc20\ud835\udc1e \ud835\udc1a\u0300 \ud835\udc2d\ud835\udc28\ud835\udc2e\ud835\udc2c \ud835\udc25\ud835\udc1e\ud835\udc2c \ud835\udc0c\ud835\udc28\ud835\udc2b\ud835\udc2d\ud835\udc2c \ud835\udc29\ud835\udc28\ud835\udc2e\ud835\udc2b \ud835\udc25\ud835\udc1a \ud835\udc05\ud835\udc2b\ud835\udc1a\ud835\udc27\ud835\udc1c\ud835\udc1e Aux c\u00f4t\u00e9s de nos Anciens Combattants, Fabrice Solans, Maire de Villeneuve-l\u00e8s-B\u00e9ziers et son Conseil Municipal vous invitent \u00e0 participer \u00e0 la traditionnelle c\u00e9r\u00e9monie de comm\u00e9moration de l&rsquo;Armistice du 11 novembre 1918 ce lundi. Une belle occasion de se [&hellip;]<\/p>\n","protected":false},"author":1,"featured_media":18851,"comment_status":"closed","ping_status":"closed","sticky":false,"template":"","format":"standard","meta":{"footnotes":""},"categories":[26],"tags":[],"class_list":["post-18850","post","type-post","status-publish","format-standard","has-post-thumbnail","hentry","category-a-la-une"],"_links":{"self":[{"href":"https:\/\/www.villeneuve-les-beziers.fr\/it\/wp-json\/wp\/v2\/posts\/18850","targetHints":{"allow":["GET"]}}],"collection":[{"href":"https:\/\/www.villeneuve-les-beziers.fr\/it\/wp-json\/wp\/v2\/posts"}],"about":[{"href":"https:\/\/www.villeneuve-les-beziers.fr\/it\/wp-json\/wp\/v2\/types\/post"}],"author":[{"embeddable":true,"href":"https:\/\/www.villeneuve-les-beziers.fr\/it\/wp-json\/wp\/v2\/users\/1"}],"replies":[{"embeddable":true,"href":"https:\/\/www.villeneuve-les-beziers.fr\/it\/wp-json\/wp\/v2\/comments?post=18850"}],"version-history":[{"count":0,"href":"https:\/\/www.villeneuve-les-beziers.fr\/it\/wp-json\/wp\/v2\/posts\/18850\/revisions"}],"wp:featuredmedia":[{"embeddable":true,"href":"https:\/\/www.villeneuve-les-beziers.fr\/it\/wp-json\/wp\/v2\/media\/18851"}],"wp:attachment":[{"href":"https:\/\/www.villeneuve-les-beziers.fr\/it\/wp-json\/wp\/v2\/media?parent=18850"}],"wp:term":[{"taxonomy":"category","embeddable":true,"href":"https:\/\/www.villeneuve-les-beziers.fr\/it\/wp-json\/wp\/v2\/categories?post=18850"},{"taxonomy":"post_tag","embeddable":true,"href":"https:\/\/www.villeneuve-les-beziers.fr\/it\/wp-json\/wp\/v2\/tags?post=18850"}],"curies":[{"name":"wp","href":"https:\/\/api.w.org\/{rel}","templated":true}]}}