{"id":19929,"date":"2025-04-23T09:15:03","date_gmt":"2025-04-23T07:15:03","guid":{"rendered":"https:\/\/www.villeneuve-les-beziers.fr\/?p=19929"},"modified":"2025-04-23T09:15:04","modified_gmt":"2025-04-23T07:15:04","slug":"cittadinanza","status":"publish","type":"post","link":"https:\/\/www.villeneuve-les-beziers.fr\/it\/a-la-une\/citoyennete\/","title":{"rendered":"Cittadinanza"},"content":{"rendered":"<p><\/p>\n\n\n\n<h1 class=\"wp-block-heading\"><strong>Rumore e disturbo<\/strong><\/h1>\n\n\n\n<p><\/p>\n\n\n\n<p>Il clima pi\u00f9 caldo \u00e8 tornato e per coloro che hanno un giardino, il fine settimana \u00e8 un momento ideale per il giardinaggio e il bricolage. <\/p>\n\n\n\n<p><strong>Ma pu\u00f2 tagliare il prato la domenica e nei giorni festivi? Cosa dice la legge? Glielo diciamo noi.<\/strong><\/p>\n\n\n\n<p>Il lavoro che comporta l'uso di attrezzature rumorose (tosaerba, fresatrici, motoseghe, trapani, ecc.) \u00e8 soggetto a orari di lavoro definiti per legge.<\/p>\n\n\n\n<p>Il Prefetto ha stabilito degli orari che si applicano a tutti i comuni dell'H\u00e9rault,\u00a0<strong>i privati possono svolgere il loro lavoro:<\/strong><\/p>\n\n\n\n<ul class=\"wp-block-list\">\n<li><strong>giorni lavorativi dalle 8.30 alle 12.00 e dalle 14.30 alle 19.30;<\/strong><\/li>\n\n\n\n<li><strong>Il sabato dalle 9.00 alle 12.00 e dalle 15.00 alle 19.00;<\/strong><\/li>\n\n\n\n<li><strong>Domenica e giorni festivi dalle 10.00 alle 12.00.<\/strong><\/li>\n<\/ul>\n\n\n\n<p>Queste regole si applicano a tutti gli strumenti rumorosi (tagliasiepi, motoseghe, frese, trapani, ecc.).<\/p>\n\n\n\n<p><strong>Legga l'ordine:<\/strong>\u00a0<a href=\"https:\/\/www.villeneuve-les-beziers.fr\/wp-content\/uploads\/2025\/04\/arrete_bruit-ap.pdf\">qui<\/a><\/p>\n\n\n\n<p><strong>Cantieri pubblici e privati<\/strong>\u00a0non sono soggetti agli stessi orari dei privati. Gli orari di apertura sono :\u00a0<strong>Dal luned\u00ec al sabato dalle 7.00 alle 20.00 al massimo.<\/strong><\/p>\n\n\n\n<p>Per saperne di pi\u00f9, clicchi qui:\u00a0<a href=\"http:\/\/www.bruit.fr\/\" target=\"_blank\" rel=\"noreferrer noopener\">visiti il sito web del Centro di Informazione e Documentazione sul Rumore (CIDB).<\/a><\/p>\n\n\n\n<p><\/p>","protected":false},"excerpt":{"rendered":"<p>Bruits et nuisances Les beaux jours ont fait leur grand retour et, pour toutes celles et ceux qui ont un jardin, le week-end est propice au jardinage ou au bricolage. Mais au fait, peut-on tondre sa pelouse les dimanches et les jours f\u00e9ri\u00e9s ? Que dit la loi ? On vous r\u00e9pond. Les travaux entra\u00eenant [&hellip;]<\/p>\n","protected":false},"author":1,"featured_media":19930,"comment_status":"closed","ping_status":"closed","sticky":false,"template":"","format":"standard","meta":{"footnotes":""},"categories":[26],"tags":[],"class_list":["post-19929","post","type-post","status-publish","format-standard","has-post-thumbnail","hentry","category-a-la-une"],"_links":{"self":[{"href":"https:\/\/www.villeneuve-les-beziers.fr\/it\/wp-json\/wp\/v2\/posts\/19929","targetHints":{"allow":["GET"]}}],"collection":[{"href":"https:\/\/www.villeneuve-les-beziers.fr\/it\/wp-json\/wp\/v2\/posts"}],"about":[{"href":"https:\/\/www.villeneuve-les-beziers.fr\/it\/wp-json\/wp\/v2\/types\/post"}],"author":[{"embeddable":true,"href":"https:\/\/www.villeneuve-les-beziers.fr\/it\/wp-json\/wp\/v2\/users\/1"}],"replies":[{"embeddable":true,"href":"https:\/\/www.villeneuve-les-beziers.fr\/it\/wp-json\/wp\/v2\/comments?post=19929"}],"version-history":[{"count":1,"href":"https:\/\/www.villeneuve-les-beziers.fr\/it\/wp-json\/wp\/v2\/posts\/19929\/revisions"}],"predecessor-version":[{"id":19932,"href":"https:\/\/www.villeneuve-les-beziers.fr\/it\/wp-json\/wp\/v2\/posts\/19929\/revisions\/19932"}],"wp:featuredmedia":[{"embeddable":true,"href":"https:\/\/www.villeneuve-les-beziers.fr\/it\/wp-json\/wp\/v2\/media\/19930"}],"wp:attachment":[{"href":"https:\/\/www.villeneuve-les-beziers.fr\/it\/wp-json\/wp\/v2\/media?parent=19929"}],"wp:term":[{"taxonomy":"category","embeddable":true,"href":"https:\/\/www.villeneuve-les-beziers.fr\/it\/wp-json\/wp\/v2\/categories?post=19929"},{"taxonomy":"post_tag","embeddable":true,"href":"https:\/\/www.villeneuve-les-beziers.fr\/it\/wp-json\/wp\/v2\/tags?post=19929"}],"curies":[{"name":"wp","href":"https:\/\/api.w.org\/{rel}","templated":true}]}}