{"id":19934,"date":"2025-04-23T09:38:21","date_gmt":"2025-04-23T07:38:21","guid":{"rendered":"https:\/\/www.villeneuve-les-beziers.fr\/?p=19934"},"modified":"2025-08-27T16:20:58","modified_gmt":"2025-08-27T14:20:58","slug":"3-mostra-sul-benessere-e-lambiente","status":"publish","type":"post","link":"https:\/\/www.villeneuve-les-beziers.fr\/it\/a-la-une\/3eme-salon-du-bien-etre-et-de-lenvironnement\/","title":{"rendered":"3\u00b0 Salone del Bien-\u00eatre e dell'Ambiente"},"content":{"rendered":"<p><img loading=\"lazy\" decoding=\"async\" height=\"16\" width=\"16\" alt=\"\ud83d\udccd\" src=\"https:\/\/static.xx.fbcdn.net\/images\/emoji.php\/v9\/t2d\/1\/16\/1f4cd.png\"> Villeneuve-l\u00e8s-B\u00e9ziers - Espace des L<a><\/a>ibert\u00e9s G\u00e9rard-Saumade<\/p>\n\n\n\n<p><img loading=\"lazy\" decoding=\"async\" height=\"16\" width=\"16\" alt=\"\ud83d\udcc5\" src=\"https:\/\/static.xx.fbcdn.net\/images\/emoji.php\/v9\/t7e\/1\/16\/1f4c5.png\"> Sabato 26 e domenica 27 aprile 2025 | dalle 10.00 alle 17.30.<\/p>\n\n\n\n<p>\ud835\uddd8\ud835\ude01 \ud835\ude00\ud835\uddf6 \ud835\ude03\ud835\uddfc\ud835\ude02\ud835\ude00 \ud835\uddfd\ud835\uddff\ud835\uddf2\ud835\uddfb\ud835\uddf6\ud835\uddf2\ud835\ude07 \ud835\ude02\ud835\uddfb \ud835\uddfa\ud835\uddfc\ud835\uddfa\ud835\uddf2\ud835\uddfb\ud835\ude01 \ud835\uddff\ud835\uddf6\ud835\uddf2\ud835\uddfb \ud835\uddfe\ud835\ude02\ud835\uddf2 \ud835\uddfd\ud835\uddfc\ud835\ude02\ud835\uddff \ud835\ude03\ud835\uddfc\ud835\ude02\ud835\ude00?<\/p>\n\n\n\n<p>Nel corso di un fine settimana, venga a prendersi una pausa, a respirare, a scoprire, a scambiare idee, a rilassarsi... e a prendersi cura di s\u00e9 e del pianeta!<\/p>\n\n\n\n<p><img loading=\"lazy\" decoding=\"async\" height=\"16\" width=\"16\" alt=\"\ud83d\udc49\" src=\"https:\/\/static.xx.fbcdn.net\/images\/emoji.php\/v9\/t51\/1\/16\/1f449.png\"> Per questa terza edizione, il Salon du Bien-\u00eatre et de l'Environnement torna con conferenze ancora pi\u00f9 stimolanti, workshop partecipativi, stand di scoperta e attivit\u00e0 per giovani e meno giovani.<\/p>\n\n\n\n<p><img loading=\"lazy\" decoding=\"async\" height=\"16\" width=\"16\" alt=\"\ud83c\udf31\" src=\"https:\/\/static.xx.fbcdn.net\/images\/emoji.php\/v9\/t69\/1\/16\/1f331.png\"> Che sia un fan delle pratiche dolci o semplicemente curioso, trover\u00e0 molto per risvegliare i suoi sensi e nutrire il suo spirito:<\/p>\n\n\n\n<p><img loading=\"lazy\" decoding=\"async\" height=\"16\" width=\"16\" alt=\"\ud83d\udfe2\" src=\"https:\/\/static.xx.fbcdn.net\/images\/emoji.php\/v9\/tfc\/1\/16\/1f7e2.png\"> prodotti naturali, artigianato, cosmetici biologici<\/p>\n\n\n\n<p><img loading=\"lazy\" decoding=\"async\" height=\"16\" width=\"16\" alt=\"\ud83d\udfe2\" src=\"https:\/\/static.xx.fbcdn.net\/images\/emoji.php\/v9\/tfc\/1\/16\/1f7e2.png\"> cibo sano, terapie alternative<\/p>\n\n\n\n<p><img loading=\"lazy\" decoding=\"async\" height=\"16\" width=\"16\" alt=\"\ud83d\udfe2\" src=\"https:\/\/static.xx.fbcdn.net\/images\/emoji.php\/v9\/tfc\/1\/16\/1f7e2.png\"> know-how ecologico, iniziative locali<\/p>\n\n\n\n<p><img loading=\"lazy\" decoding=\"async\" height=\"16\" width=\"16\" alt=\"\ud83d\udfe2\" src=\"https:\/\/static.xx.fbcdn.net\/images\/emoji.php\/v9\/tfc\/1\/16\/1f7e2.png\"> trattamenti, massaggi, meditazione, sviluppo personale...<\/p>\n\n\n\n<p><img loading=\"lazy\" decoding=\"async\" height=\"16\" width=\"16\" alt=\"\ud83d\udc49\" src=\"https:\/\/static.xx.fbcdn.net\/images\/emoji.php\/v9\/t51\/1\/16\/1f449.png\"> Dalle 14.00 di domenica, si conceda un vero momento di serenit\u00e0 con il Professor Benoist, che terr\u00e0 tre sessioni di 45 minuti su \ud835\ude00\ud835\uddf2\u0301\ud835\uddee\ud835\uddfb\ud835\uddf0\ud835\uddf2\ud835\ude00 \ud835\uddf1\ud835\uddf2 \ud835\ude06\ud835\uddfc\ud835\uddf4\ud835\uddee.<\/p>\n\n\n\n<p>Accessibile a tutti i livelli, in un'atmosfera amichevole e rilassante.<\/p>\n\n\n\n<p><img loading=\"lazy\" decoding=\"async\" height=\"16\" width=\"16\" alt=\"\ud83c\udfa0\" src=\"https:\/\/static.xx.fbcdn.net\/images\/emoji.php\/v9\/t7a\/1\/16\/1f3a0.png\"> I bambini non sono stati dimenticati: \ud835\uddfa\ud835\uddee\ud835\uddfb\ud835\uddf2\u0300\ud835\uddf4\ud835\uddf2\ud835\ude00 li aspettano nei giardini chiusi e sicuri, mentre lei approfitta dell'intrattenimento dello spettacolo. <img loading=\"lazy\" decoding=\"async\" height=\"16\" width=\"16\" alt=\"\ud83d\ude46\u200d\u2642\ufe0f\" src=\"https:\/\/static.xx.fbcdn.net\/images\/emoji.php\/v9\/t80\/1\/16\/1f646_200d_2642.png\"><\/p>\n\n\n\n<p><img loading=\"lazy\" decoding=\"async\" height=\"16\" width=\"16\" alt=\"\ud83c\udf70\" src=\"https:\/\/static.xx.fbcdn.net\/images\/emoji.php\/v9\/t64\/1\/16\/1f370.png\"> E per un \ud835\uddfd\ud835\uddee\ud835\ude02\ud835\ude00\ud835\uddf2 \ud835\uddf4\ud835\uddfc\ud835\ude02\ud835\uddff\ud835\uddfa\ud835\uddee\ud835\uddfb\ud835\uddf1\ud835\uddf2, i genitori saranno a disposizione per tutto l'evento con le loro cr\u00eapes, waffles e dolciumi. <img loading=\"lazy\" decoding=\"async\" height=\"16\" width=\"16\" alt=\"\ud83d\ude0b\" src=\"https:\/\/static.xx.fbcdn.net\/images\/emoji.php\/v9\/t0\/1\/16\/1f60b.png\"><\/p>\n\n\n\n<p><img loading=\"lazy\" decoding=\"async\" height=\"16\" width=\"16\" alt=\"\ud83d\udc9a\" src=\"https:\/\/static.xx.fbcdn.net\/images\/emoji.php\/v9\/t94\/1\/16\/1f49a.png\">\ud835\udddf'\ud835\uddf2\ud835\uddfb\ud835\ude01\ud835\uddff\ud835\uddf2\u0301\ud835\uddf2 \ud835\uddf2\ud835\ude00\ud835\ude01 \ud835\uddf9\ud835\uddf6\ud835\uddef\ud835\uddff\ud835\uddf2, sorrisi garantiti e benessere all'ordine del giorno!<\/p>\n\n\n\n<p>Un evento per tutta la famiglia, dove potr\u00e0 fare qualcosa di buono per se stesso... pensando al mondo di domani.<\/p>","protected":false},"excerpt":{"rendered":"<p>Villeneuve-l\u00e8s-B\u00e9ziers \u2013 Espace des Libert\u00e9s G\u00e9rard-Saumade Samedi 26 &amp; dimanche 27 avril 2025 | de 10h \u00e0 17h30 \ud835\uddd8\ud835\ude01 \ud835\ude00\ud835\uddf6 \ud835\ude03\ud835\uddfc\ud835\ude02\ud835\ude00 \ud835\uddfd\ud835\uddff\ud835\uddf2\ud835\uddfb\ud835\uddf6\ud835\uddf2\ud835\ude07 \ud835\ude02\ud835\uddfb \ud835\uddfa\ud835\uddfc\ud835\uddfa\ud835\uddf2\ud835\uddfb\ud835\ude01 \ud835\uddff\ud835\uddf6\ud835\uddf2\ud835\uddfb \ud835\uddfe\ud835\ude02\ud835\uddf2 \ud835\uddfd\ud835\uddfc\ud835\ude02\ud835\uddff \ud835\ude03\ud835\uddfc\ud835\ude02\ud835\ude00 ? Le temps d\u2019un week-end, venez faire une pause, respirer, d\u00e9couvrir, \u00e9changer, vous d\u00e9tendre\u2026 et prendre soin de vous comme de la plan\u00e8te ! Pour cette 3e [&hellip;]<\/p>\n","protected":false},"author":1,"featured_media":19937,"comment_status":"closed","ping_status":"closed","sticky":false,"template":"","format":"standard","meta":{"footnotes":""},"categories":[26],"tags":[],"class_list":["post-19934","post","type-post","status-publish","format-standard","has-post-thumbnail","hentry","category-a-la-une"],"_links":{"self":[{"href":"https:\/\/www.villeneuve-les-beziers.fr\/it\/wp-json\/wp\/v2\/posts\/19934","targetHints":{"allow":["GET"]}}],"collection":[{"href":"https:\/\/www.villeneuve-les-beziers.fr\/it\/wp-json\/wp\/v2\/posts"}],"about":[{"href":"https:\/\/www.villeneuve-les-beziers.fr\/it\/wp-json\/wp\/v2\/types\/post"}],"author":[{"embeddable":true,"href":"https:\/\/www.villeneuve-les-beziers.fr\/it\/wp-json\/wp\/v2\/users\/1"}],"replies":[{"embeddable":true,"href":"https:\/\/www.villeneuve-les-beziers.fr\/it\/wp-json\/wp\/v2\/comments?post=19934"}],"version-history":[{"count":1,"href":"https:\/\/www.villeneuve-les-beziers.fr\/it\/wp-json\/wp\/v2\/posts\/19934\/revisions"}],"predecessor-version":[{"id":19936,"href":"https:\/\/www.villeneuve-les-beziers.fr\/it\/wp-json\/wp\/v2\/posts\/19934\/revisions\/19936"}],"wp:featuredmedia":[{"embeddable":true,"href":"https:\/\/www.villeneuve-les-beziers.fr\/it\/wp-json\/wp\/v2\/media\/19937"}],"wp:attachment":[{"href":"https:\/\/www.villeneuve-les-beziers.fr\/it\/wp-json\/wp\/v2\/media?parent=19934"}],"wp:term":[{"taxonomy":"category","embeddable":true,"href":"https:\/\/www.villeneuve-les-beziers.fr\/it\/wp-json\/wp\/v2\/categories?post=19934"},{"taxonomy":"post_tag","embeddable":true,"href":"https:\/\/www.villeneuve-les-beziers.fr\/it\/wp-json\/wp\/v2\/tags?post=19934"}],"curies":[{"name":"wp","href":"https:\/\/api.w.org\/{rel}","templated":true}]}}