{"id":19986,"date":"2025-05-26T16:21:00","date_gmt":"2025-05-26T14:21:00","guid":{"rendered":"https:\/\/www.villeneuve-les-beziers.fr\/?p=19986"},"modified":"2025-05-26T16:21:01","modified_gmt":"2025-05-26T14:21:01","slug":"%f0%9d%90%89%f0%9d%90%a8%f0%9d%90%ae%f0%9d%90%ab%f0%9d%90%a7%f0%9d%90%9e%f0%9d%90%9e-%f0%9d%90%8d%f0%9d%90%9a%f0%9d%90%ad%f0%9d%90%a2%f0%9d%90%a8%f0%9d%90%a7%f0%9d%90%9a%f0%9d%90%a5%f0%9d%90%9e-2","status":"publish","type":"post","link":"https:\/\/www.villeneuve-les-beziers.fr\/it\/a-la-une\/%f0%9d%90%89%f0%9d%90%a8%f0%9d%90%ae%f0%9d%90%ab%f0%9d%90%a7%f0%9d%90%9e%f0%9d%90%9e-%f0%9d%90%8d%f0%9d%90%9a%f0%9d%90%ad%f0%9d%90%a2%f0%9d%90%a8%f0%9d%90%a7%f0%9d%90%9a%f0%9d%90%a5%f0%9d%90%9e-2\/","title":{"rendered":"\ud835\udc09\ud835\udc28\ud835\udc2e\ud835\udc2b\ud835\udc27\ud835\udc1e\u0301\ud835\udc1e \ud835\udc0d\ud835\udc1a\ud835\udc2d\ud835\udc22\ud835\udc28\ud835\udc27\ud835\udc1a\ud835\udc25\ud835\udc1e \ud835\udc1d\ud835\udc1e \ud835\udc25\ud835\udc1a \ud835\udc11\ud835\udc1e\u0301\ud835\udc2c\ud835\udc22\ud835\udc2c\ud835\udc2d\ud835\udc1a\ud835\udc27\ud835\udc1c\ud835\udc1e"},"content":{"rendered":"<p>27 maggio 2025 alle ore 18.00<\/p>\n\n\n\n<p><img loading=\"lazy\" decoding=\"async\" height=\"16\" width=\"16\" alt=\"\ud83d\udccc\" src=\"https:\/\/static.xx.fbcdn.net\/images\/emoji.php\/v9\/tac\/1\/16\/1f4cc.png\"> Per il terzo anno consecutivo, il<a><\/a>l Comune e la sezione locale dei veterani della FOPAC renderanno omaggio a coloro che, nell'ombra o alla luce del sole, hanno scelto di resistere agli occupanti nazisti e al regime collaborazionista di Vichy.<\/p>\n\n\n\n<p>Deponendo una corona di fiori ai piedi del galletto tricolore \"Creare \u00e8 Resistere\", questa cerimonia sar\u00e0 l'occasione per ricordare i valori fondanti del Conseil National de la R\u00e9sistance: coraggio, giustizia, solidariet\u00e0, tolleranza e rispetto per gli altri.<\/p>\n\n\n\n<p><img loading=\"lazy\" decoding=\"async\" height=\"16\" width=\"16\" alt=\"\ud83d\udc49\" src=\"https:\/\/static.xx.fbcdn.net\/images\/emoji.php\/v9\/t51\/1\/16\/1f449.png\"> Un momento di ricordo, ma anche di riflessione sull'attualit\u00e0 di questi valori oggi.<\/p>\n\n\n\n<p>La commemorazione si concluder\u00e0 con un aperitivo amichevole nella sala della Maison de la M\u00e9moire du Combattant.<\/p>","protected":false},"excerpt":{"rendered":"<p>27 Mai 2025 \u00e0 18h00 Pour la 3e ann\u00e9e cons\u00e9cutive, la municipalit\u00e9 et la section locale des Anciens Combattants de la FOPAC rendront hommage \u00e0 celles et ceux qui, dans l\u2019ombre ou au grand jour, ont choisi de r\u00e9sister \u00e0 l\u2019occupant nazi et au r\u00e9gime collaborationniste de Vichy. \u00c0 travers un d\u00e9p\u00f4t de gerbe au [&hellip;]<\/p>\n","protected":false},"author":1,"featured_media":19988,"comment_status":"closed","ping_status":"closed","sticky":false,"template":"","format":"standard","meta":{"footnotes":""},"categories":[26],"tags":[],"class_list":["post-19986","post","type-post","status-publish","format-standard","has-post-thumbnail","hentry","category-a-la-une"],"_links":{"self":[{"href":"https:\/\/www.villeneuve-les-beziers.fr\/it\/wp-json\/wp\/v2\/posts\/19986","targetHints":{"allow":["GET"]}}],"collection":[{"href":"https:\/\/www.villeneuve-les-beziers.fr\/it\/wp-json\/wp\/v2\/posts"}],"about":[{"href":"https:\/\/www.villeneuve-les-beziers.fr\/it\/wp-json\/wp\/v2\/types\/post"}],"author":[{"embeddable":true,"href":"https:\/\/www.villeneuve-les-beziers.fr\/it\/wp-json\/wp\/v2\/users\/1"}],"replies":[{"embeddable":true,"href":"https:\/\/www.villeneuve-les-beziers.fr\/it\/wp-json\/wp\/v2\/comments?post=19986"}],"version-history":[{"count":1,"href":"https:\/\/www.villeneuve-les-beziers.fr\/it\/wp-json\/wp\/v2\/posts\/19986\/revisions"}],"predecessor-version":[{"id":19989,"href":"https:\/\/www.villeneuve-les-beziers.fr\/it\/wp-json\/wp\/v2\/posts\/19986\/revisions\/19989"}],"wp:featuredmedia":[{"embeddable":true,"href":"https:\/\/www.villeneuve-les-beziers.fr\/it\/wp-json\/wp\/v2\/media\/19988"}],"wp:attachment":[{"href":"https:\/\/www.villeneuve-les-beziers.fr\/it\/wp-json\/wp\/v2\/media?parent=19986"}],"wp:term":[{"taxonomy":"category","embeddable":true,"href":"https:\/\/www.villeneuve-les-beziers.fr\/it\/wp-json\/wp\/v2\/categories?post=19986"},{"taxonomy":"post_tag","embeddable":true,"href":"https:\/\/www.villeneuve-les-beziers.fr\/it\/wp-json\/wp\/v2\/tags?post=19986"}],"curies":[{"name":"wp","href":"https:\/\/api.w.org\/{rel}","templated":true}]}}