{"id":19991,"date":"2025-05-26T16:23:09","date_gmt":"2025-05-26T14:23:09","guid":{"rendered":"https:\/\/www.villeneuve-les-beziers.fr\/?p=19991"},"modified":"2025-05-26T16:23:10","modified_gmt":"2025-05-26T14:23:10","slug":"%f0%9d%90%8b%f0%9d%90%a1%f0%9d%90%b2%f0%9d%90%a9%f0%9d%90%9e%f0%9d%90%ab-%f0%9d%90%9c%f0%9d%90%9e%f0%9d%90%a7%f0%9d%90%ad%f0%9d%90%ab%f0%9d%90%9e-%f0%9d%90%9d%f0%9d%90%9e%f0%9d%90%af","status":"publish","type":"post","link":"https:\/\/www.villeneuve-les-beziers.fr\/it\/a-la-une\/%f0%9d%90%8b%f0%9d%90%a1%f0%9d%90%b2%f0%9d%90%a9%f0%9d%90%9e%f0%9d%90%ab-%f0%9d%90%9c%f0%9d%90%9e%f0%9d%90%a7%f0%9d%90%ad%f0%9d%90%ab%f0%9d%90%9e-%f0%9d%90%9d%f0%9d%90%9e%f0%9d%90%af\/","title":{"rendered":"\ud835\udc0b'\ud835\udc21\ud835\udc32\ud835\udc29\ud835\udc1e\ud835\udc2b-\ud835\udc1c\ud835\udc1e\ud835\udc27\ud835\udc2d\ud835\udc2b\ud835\udc1e \ud835\udc1d\ud835\udc1e\ud835\udc2f\ud835\udc22\ud835\udc1e\ud835\udc27\ud835\udc2d \ud835\udc2e\ud835\udc27\ud835\udc1e \ud835\udc33\ud835\udc28\ud835\udc27\ud835\udc1e \ud835\udc1d\ud835\udc1e \ud835\udc2b\ud835\udc1e\ud835\udc27\ud835\udc1c\ud835\udc28\ud835\udc27\ud835\udc2d\ud835\udc2b\ud835\udc1e : \ud835\udc29\ud835\udc2b\ud835\udc22\ud835\udc28\ud835\udc2b\ud835\udc22\ud835\udc2d\ud835\udc1e\u0301 \ud835\udc1a\ud835\udc2e\ud835\udc31 \ud835\udc29\ud835\udc22\ud835\udc1e\u0301\ud835\udc2d\ud835\udc28\ud835\udc27\ud835\udc2c \ud835\udc1e\ud835\udc2d \ud835\udc1a\u0300 \ud835\udc25\ud835\udc1a \ud835\udc1c\ud835\udc28\ud835\udc27\ud835\udc2f\ud835\udc22\ud835\udc2f\ud835\udc22\ud835\udc1a\ud835\udc25\ud835\udc22\ud835\udc2d\ud835\udc1e\u0301 !"},"content":{"rendered":"<p><img loading=\"lazy\" decoding=\"async\" height=\"16\" width=\"16\" alt=\"\ud83d\udccc\" src=\"https:\/\/static.xx.fbcdn.net\/images\/emoji.php\/v9\/tac\/1\/16\/1f4cc.png\"> Nell'ambito della nostra politica di miglioramento della qualit\u00e0 di vita e di s<a><\/a>Per ridurre la quantit\u00e0 di traffico, il Comune ha deciso di creare una \"zona di incontro\" nel cuore del villaggio.<\/p>\n\n\n\n<p><img loading=\"lazy\" decoding=\"async\" height=\"16\" width=\"16\" alt=\"\ud83d\udc49\" src=\"https:\/\/static.xx.fbcdn.net\/images\/emoji.php\/v9\/t51\/1\/16\/1f449.png\"> Questo schema, previsto dal Codice della Strada, mira a promuovere una convivenza armoniosa tra pedoni, ciclisti e automobilisti, migliorando al contempo l'attrattiva e la convivialit\u00e0 del nostro centro cittadino.<\/p>\n\n\n\n<p>\ud835\udde4\ud835\ude02'\ud835\uddf2\ud835\ude00\ud835\ude01-\ud835\uddf0\ud835\uddf2 \ud835\uddfe\ud835\ude02'\ud835\ude02\ud835\uddfb\ud835\uddf2 \ud835\ude07\ud835\uddfc\ud835\uddfb\ud835\uddf2 \ud835\uddf1\ud835\uddf2 \ud835\uddff\ud835\uddf2\ud835\uddfb\ud835\uddf0\ud835\uddfc\ud835\uddfb\ud835\ude01\ud835\uddff\ud835\uddf2?<\/p>\n\n\n\n<p><img loading=\"lazy\" decoding=\"async\" height=\"16\" width=\"16\" alt=\"\ud83d\ude0a\" src=\"https:\/\/static.xx.fbcdn.net\/images\/emoji.php\/v9\/t7f\/1\/16\/1f60a.png\"> Si tratta di un'area dove la velocit\u00e0 dei veicoli \u00e8 limitata a 20 km\/h e dove i pedoni hanno la priorit\u00e0 sull'intera carreggiata.<\/p>\n\n\n\n<p>I ciclisti possono viaggiare in entrambe le direzioni, a meno che non sia indicato diversamente, e il parcheggio \u00e8 consentito solo negli spazi designati.<\/p>\n\n\n\n<p>\ud835\udde3\ud835\uddfc\ud835\ude02\ud835\uddff\ud835\uddfe\ud835\ude02\ud835\uddfc\ud835\uddf6 \ud835\uddf0\ud835\uddf2 \ud835\uddf0\ud835\uddf5\ud835\uddfc\ud835\uddf6\ud835\ude05?<\/p>\n\n\n\n<p>Ci sono diverse ragioni per creare questa zona:<\/p>\n\n\n\n<p><img loading=\"lazy\" decoding=\"async\" height=\"16\" width=\"16\" alt=\"\ud83d\udd38\" src=\"https:\/\/static.xx.fbcdn.net\/images\/emoji.php\/v9\/t72\/1\/16\/1f538.png\"> Rendere la strada pi\u00f9 sicura per i pedoni, soprattutto per i bambini e gli anziani;<\/p>\n\n\n\n<p><img loading=\"lazy\" decoding=\"async\" height=\"16\" width=\"16\" alt=\"\ud83d\udd38\" src=\"https:\/\/static.xx.fbcdn.net\/images\/emoji.php\/v9\/t72\/1\/16\/1f538.png\"> Incoraggiare la mobilit\u00e0 dolce e le modalit\u00e0 di trasporto alternative;<\/p>\n\n\n\n<p><img loading=\"lazy\" decoding=\"async\" height=\"16\" width=\"16\" alt=\"\ud83d\udd38\" src=\"https:\/\/static.xx.fbcdn.net\/images\/emoji.php\/v9\/t72\/1\/16\/1f538.png\"> Rivitalizzare il centro citt\u00e0 promuovendo gli scambi e la vita locale.<\/p>\n\n\n\n<p>\ud835\udde2\ud835\ude02\u0300 \ud835\ude00'\ud835\uddee\ud835\uddfd\ud835\uddfd\ud835\uddf9\ud835\uddf6\ud835\uddfe\ud835\ude02\ud835\uddf2-\ud835\ude01-\ud835\uddf2\ud835\uddf9\ud835\uddf9\ud835\uddf9\ud835\uddf2?<\/p>\n\n\n\n<p>La zona di contatto copre l'area indicata in rosso sulla mappa allegata.<\/p>\n\n\n\n<p>Verr\u00e0 installata una segnaletica specifica per informare tutti gli utenti.<\/p>\n\n\n\n<p>\ud835\udde4\ud835\ude02\ud835\uddee\ud835\uddfb\ud835\uddf1?<\/p>\n\n\n\n<p>La zona di incontro sar\u00e0 attiva a partire da giugno.<\/p>\n\n\n\n<p>Invitiamo tutti a rispettare queste nuove regole per il benessere e la sicurezza di tutti.<\/p>\n\n\n\n<p><img loading=\"lazy\" decoding=\"async\" height=\"16\" width=\"16\" alt=\"\ud83d\udc6e\u200d\u2642\ufe0f\" src=\"https:\/\/static.xx.fbcdn.net\/images\/emoji.php\/v9\/t2b\/1\/16\/1f46e_200d_2642.png\">Se ha domande o suggerimenti, non esiti a contattare il Municipio o la polizia municipale.<\/p>","protected":false},"excerpt":{"rendered":"<p>Dans le cadre de notre politique d\u2019am\u00e9lioration du cadre de vie et de s\u00e9curisation des d\u00e9placements, la municipalit\u00e9 a d\u00e9cid\u00e9 de cr\u00e9er une \u00ab zone de rencontre \u00bb au c\u0153ur du village. Ce dispositif, pr\u00e9vu par le Code de la route, vise \u00e0 favoriser la cohabitation harmonieuse entre pi\u00e9tons, cyclistes et automobilistes, tout en renfor\u00e7ant [&hellip;]<\/p>\n","protected":false},"author":1,"featured_media":19992,"comment_status":"closed","ping_status":"closed","sticky":false,"template":"","format":"standard","meta":{"footnotes":""},"categories":[26],"tags":[],"class_list":["post-19991","post","type-post","status-publish","format-standard","has-post-thumbnail","hentry","category-a-la-une"],"_links":{"self":[{"href":"https:\/\/www.villeneuve-les-beziers.fr\/it\/wp-json\/wp\/v2\/posts\/19991","targetHints":{"allow":["GET"]}}],"collection":[{"href":"https:\/\/www.villeneuve-les-beziers.fr\/it\/wp-json\/wp\/v2\/posts"}],"about":[{"href":"https:\/\/www.villeneuve-les-beziers.fr\/it\/wp-json\/wp\/v2\/types\/post"}],"author":[{"embeddable":true,"href":"https:\/\/www.villeneuve-les-beziers.fr\/it\/wp-json\/wp\/v2\/users\/1"}],"replies":[{"embeddable":true,"href":"https:\/\/www.villeneuve-les-beziers.fr\/it\/wp-json\/wp\/v2\/comments?post=19991"}],"version-history":[{"count":1,"href":"https:\/\/www.villeneuve-les-beziers.fr\/it\/wp-json\/wp\/v2\/posts\/19991\/revisions"}],"predecessor-version":[{"id":19993,"href":"https:\/\/www.villeneuve-les-beziers.fr\/it\/wp-json\/wp\/v2\/posts\/19991\/revisions\/19993"}],"wp:featuredmedia":[{"embeddable":true,"href":"https:\/\/www.villeneuve-les-beziers.fr\/it\/wp-json\/wp\/v2\/media\/19992"}],"wp:attachment":[{"href":"https:\/\/www.villeneuve-les-beziers.fr\/it\/wp-json\/wp\/v2\/media?parent=19991"}],"wp:term":[{"taxonomy":"category","embeddable":true,"href":"https:\/\/www.villeneuve-les-beziers.fr\/it\/wp-json\/wp\/v2\/categories?post=19991"},{"taxonomy":"post_tag","embeddable":true,"href":"https:\/\/www.villeneuve-les-beziers.fr\/it\/wp-json\/wp\/v2\/tags?post=19991"}],"curies":[{"name":"wp","href":"https:\/\/api.w.org\/{rel}","templated":true}]}}