{"id":20102,"date":"2025-07-07T08:59:53","date_gmt":"2025-07-07T06:59:53","guid":{"rendered":"https:\/\/www.villeneuve-les-beziers.fr\/?p=20102"},"modified":"2025-07-10T11:02:22","modified_gmt":"2025-07-10T09:02:22","slug":"taglio-dellacqua","status":"publish","type":"post","link":"https:\/\/www.villeneuve-les-beziers.fr\/it\/a-la-une\/coupure-deau\/","title":{"rendered":"\u26a0\ufe0fCoupure acqua"},"content":{"rendered":"<p>Il gruppo SUEZ desidera informarla che \u00e8 prevista un'interruzione dell'acqua nell'ambito dei lavori di manutenzione della rete.<\/p>\n\n\n\n<p><img loading=\"lazy\" decoding=\"async\" height=\"16\" width=\"16\" src=\"https:\/\/static.xx.fbcdn.net\/images\/emoji.php\/v9\/tff\/1\/16\/1f4c6.png\" alt=\"\ud83d\udcc6\"> Data: mercoled\u00ec 9 luglio 2025<\/p>\n\n\n\n<p><img loading=\"lazy\" decoding=\"async\" height=\"16\" width=\"16\" src=\"https:\/\/static.xx.fbcdn.net\/images\/emoji.php\/v9\/tda\/1\/16\/1f55b.png\" alt=\"\ud83d\udd5b\"> Orari di apertura: dalle 8.00 alle 14.00.<\/p>\n\n\n\n<p><img loading=\"lazy\" decoding=\"async\" height=\"16\" width=\"16\" src=\"https:\/\/static.xx.fbcdn.net\/images\/emoji.php\/v9\/tf3\/1\/16\/1f539.png\" alt=\"\ud83d\udd39\"> Le strade interessate sono le seguenti<\/p>\n\n\n\n<p>- Rue Balzac<\/p>\n\n\n\n<p>- Rue Etroite<\/p>\n\n\n\n<p>- Rue Mirabeau<\/p>\n\n\n\n<p>- Rue Voltaire<\/p>\n\n\n\n<p>- Impasse Voltaire<\/p>\n\n\n\n<p>- Impasse des Tourterelles<\/p>\n\n\n\n<p>Le consigliamo di prendere le misure necessarie per limitare i disagi causati.<\/p>\n\n\n\n<p>Grazie per la sua comprensione.<\/p>","protected":false},"excerpt":{"rendered":"<p>Le groupe SUEZ vous informe qu&rsquo;une coupure d&rsquo;eau est programm\u00e9e dans le cadre de travaux de maintenance sur le r\u00e9seau. Date : Mercredi 9 juillet 2025 Horaire : de 8h00 \u00e0 14h00 Les rues concern\u00e9es sont les suivantes : &#8211; Rue Balzac &#8211; Rue Etroite &#8211; Rue Mirabeau &#8211; Rue Voltaire &#8211; Impasse Voltaire &#8211; [&hellip;]<\/p>\n","protected":false},"author":1,"featured_media":20103,"comment_status":"closed","ping_status":"closed","sticky":false,"template":"","format":"standard","meta":{"footnotes":""},"categories":[26],"tags":[],"class_list":["post-20102","post","type-post","status-publish","format-standard","has-post-thumbnail","hentry","category-a-la-une"],"_links":{"self":[{"href":"https:\/\/www.villeneuve-les-beziers.fr\/it\/wp-json\/wp\/v2\/posts\/20102","targetHints":{"allow":["GET"]}}],"collection":[{"href":"https:\/\/www.villeneuve-les-beziers.fr\/it\/wp-json\/wp\/v2\/posts"}],"about":[{"href":"https:\/\/www.villeneuve-les-beziers.fr\/it\/wp-json\/wp\/v2\/types\/post"}],"author":[{"embeddable":true,"href":"https:\/\/www.villeneuve-les-beziers.fr\/it\/wp-json\/wp\/v2\/users\/1"}],"replies":[{"embeddable":true,"href":"https:\/\/www.villeneuve-les-beziers.fr\/it\/wp-json\/wp\/v2\/comments?post=20102"}],"version-history":[{"count":2,"href":"https:\/\/www.villeneuve-les-beziers.fr\/it\/wp-json\/wp\/v2\/posts\/20102\/revisions"}],"predecessor-version":[{"id":20106,"href":"https:\/\/www.villeneuve-les-beziers.fr\/it\/wp-json\/wp\/v2\/posts\/20102\/revisions\/20106"}],"wp:featuredmedia":[{"embeddable":true,"href":"https:\/\/www.villeneuve-les-beziers.fr\/it\/wp-json\/wp\/v2\/media\/20103"}],"wp:attachment":[{"href":"https:\/\/www.villeneuve-les-beziers.fr\/it\/wp-json\/wp\/v2\/media?parent=20102"}],"wp:term":[{"taxonomy":"category","embeddable":true,"href":"https:\/\/www.villeneuve-les-beziers.fr\/it\/wp-json\/wp\/v2\/categories?post=20102"},{"taxonomy":"post_tag","embeddable":true,"href":"https:\/\/www.villeneuve-les-beziers.fr\/it\/wp-json\/wp\/v2\/tags?post=20102"}],"curies":[{"name":"wp","href":"https:\/\/api.w.org\/{rel}","templated":true}]}}