{"id":20114,"date":"2025-07-10T11:06:21","date_gmt":"2025-07-10T09:06:21","guid":{"rendered":"https:\/\/www.villeneuve-les-beziers.fr\/?p=20114"},"modified":"2025-07-15T08:37:46","modified_gmt":"2025-07-15T06:37:46","slug":"%f0%9d%90%82%f0%9d%90%9e%f0%9d%90%ab%f0%9d%90%9e%f0%9d%90%a6%f0%9d%90%a8%f0%9d%90%a7%f0%9d%90%a2%f0%9d%90%9e-%f0%9d%90%9c%f0%9d%90%a8%f0%9d%90%a6%f0%9d%90%a6%f0%9d%90%9e%f0%9d%90%a6%f0%9d%90%9e","status":"publish","type":"post","link":"https:\/\/www.villeneuve-les-beziers.fr\/it\/a-la-une\/%f0%9d%90%82%f0%9d%90%9e%f0%9d%90%ab%f0%9d%90%9e%f0%9d%90%a6%f0%9d%90%a8%f0%9d%90%a7%f0%9d%90%a2%f0%9d%90%9e-%f0%9d%90%9c%f0%9d%90%a8%f0%9d%90%a6%f0%9d%90%a6%f0%9d%90%9e%f0%9d%90%a6\/","title":{"rendered":"14 luglio cerimonia commemorativa"},"content":{"rendered":"<p>Fabrice Solans, Sindaco di Villeneuve-l\u00e8s-B\u00e9ziers, la invita alla cerimonia commemorativa di luned\u00ec 14 luglio alle ore 11.00, davanti alla statua della Marianna, accanto al Municipio.<\/p>\n\n\n\n<p>Verranno distribuite piccole bandiere tricolori, in modo che tutti possano condividere questo momento di orgoglio repubblicano.<\/p>\n\n\n\n<p>Al termine della cerimonia, il Comune e la sezione locale dei veterani dell'UFAC ospiteranno un aperitivo conviviale presso la Maison de la M\u00e9moire du Combattant, in place Samuel Paty.<\/p>\n\n\n\n<p><img loading=\"lazy\" decoding=\"async\" height=\"16\" width=\"16\" alt=\"\ud83d\udccd\" src=\"https:\/\/static.xx.fbcdn.net\/images\/emoji.php\/v9\/t2d\/1\/16\/1f4cd.png\"> Venite tutti a rendere omaggio ai nostri valori di libert\u00e0, uguaglianza e fraternit\u00e0!<\/p>","protected":false},"excerpt":{"rendered":"<p>Fabrice Solans, Maire de Villeneuve-l\u00e8s-B\u00e9ziers, vous convie \u00e0 la c\u00e9r\u00e9monie comm\u00e9morative ce lundi 14 juillet \u00e0 11h00, devant la statue de la Marianne, \u00e0 c\u00f4t\u00e9 de l\u2019H\u00f4tel de Ville. Des petits drapeaux tricolores seront distribu\u00e9s pour partager ensemble ce moment de fiert\u00e9 r\u00e9publicaine. \u00c0 l\u2019issue de la c\u00e9r\u00e9monie, un verre de l\u2019amiti\u00e9 sera offert par [&hellip;]<\/p>\n","protected":false},"author":1,"featured_media":18803,"comment_status":"closed","ping_status":"closed","sticky":false,"template":"","format":"standard","meta":{"footnotes":""},"categories":[26],"tags":[],"class_list":["post-20114","post","type-post","status-publish","format-standard","has-post-thumbnail","hentry","category-a-la-une"],"_links":{"self":[{"href":"https:\/\/www.villeneuve-les-beziers.fr\/it\/wp-json\/wp\/v2\/posts\/20114","targetHints":{"allow":["GET"]}}],"collection":[{"href":"https:\/\/www.villeneuve-les-beziers.fr\/it\/wp-json\/wp\/v2\/posts"}],"about":[{"href":"https:\/\/www.villeneuve-les-beziers.fr\/it\/wp-json\/wp\/v2\/types\/post"}],"author":[{"embeddable":true,"href":"https:\/\/www.villeneuve-les-beziers.fr\/it\/wp-json\/wp\/v2\/users\/1"}],"replies":[{"embeddable":true,"href":"https:\/\/www.villeneuve-les-beziers.fr\/it\/wp-json\/wp\/v2\/comments?post=20114"}],"version-history":[{"count":2,"href":"https:\/\/www.villeneuve-les-beziers.fr\/it\/wp-json\/wp\/v2\/posts\/20114\/revisions"}],"predecessor-version":[{"id":20128,"href":"https:\/\/www.villeneuve-les-beziers.fr\/it\/wp-json\/wp\/v2\/posts\/20114\/revisions\/20128"}],"wp:featuredmedia":[{"embeddable":true,"href":"https:\/\/www.villeneuve-les-beziers.fr\/it\/wp-json\/wp\/v2\/media\/18803"}],"wp:attachment":[{"href":"https:\/\/www.villeneuve-les-beziers.fr\/it\/wp-json\/wp\/v2\/media?parent=20114"}],"wp:term":[{"taxonomy":"category","embeddable":true,"href":"https:\/\/www.villeneuve-les-beziers.fr\/it\/wp-json\/wp\/v2\/categories?post=20114"},{"taxonomy":"post_tag","embeddable":true,"href":"https:\/\/www.villeneuve-les-beziers.fr\/it\/wp-json\/wp\/v2\/tags?post=20114"}],"curies":[{"name":"wp","href":"https:\/\/api.w.org\/{rel}","templated":true}]}}