{"id":20116,"date":"2025-07-10T11:32:29","date_gmt":"2025-07-10T09:32:29","guid":{"rendered":"https:\/\/www.villeneuve-les-beziers.fr\/?p=20116"},"modified":"2025-07-10T11:36:33","modified_gmt":"2025-07-10T09:36:33","slug":"divieto-di-fumare-nei-nuovi-luoghi-pubblici-dal-1-luglio-2025","status":"publish","type":"post","link":"https:\/\/www.villeneuve-les-beziers.fr\/it\/a-la-une\/interdiction-de-fumer-dans-de-nouveaux-lieux-publics-depuis-le-1er-juillet-2025\/","title":{"rendered":"Il fumo \u00e8 vietato nei nuovi luoghi pubblici dal 1\u00b0 luglio 2025"},"content":{"rendered":"<p>Per proteggere i giovanissimi, il fumo \u00e8 vietato nei luoghi pubblici. <\/p>\n\n\n\n<p>Questo divieto sar\u00e0 ora esteso alle nuove aree esterne in cui sono presenti o esposti bambini e adolescenti.<\/p>\n\n\n\n<p>Dal 1<sup>er<\/sup>\u00a0Luglio 2025, \u00e8 pertanto vietato fumare nei seguenti luoghi durante gli orari o i periodi di apertura:<\/p>\n\n\n\n<ul class=\"wp-block-list\">\n<li>parchi e giardini pubblici;<\/li>\n\n\n\n<li>spiagge che confinano con le acque di balneazione ;<\/li>\n\n\n\n<li>pensiline per gli autobus e aree di attesa coperte per i passeggeri;<\/li>\n\n\n\n<li>In prossimit\u00e0 di scuole, collegi, licei e altri luoghi destinati all'accoglienza, alla formazione o all'alloggio di minori;<\/li>\n\n\n\n<li>spazi aperti e aree intorno a biblioteche, piscine, stadi e strutture sportive.<\/li>\n<\/ul>\n\n\n\n<p>\u2139\ufe0f Ulteriori informazioni:<\/p>\n\n\n\n<p><a href=\"https:\/\/www.tabac-info-service.fr\" target=\"_blank\" rel=\"noopener noreferrer nofollow\">https:\/\/www.tabac-info-service.fr<\/a><\/p>\n\n\n\n<p><a href=\"https:\/\/www.ameli.fr\/assure\/sante\/themes\/tabac\/tabac-produits-chiffres\" target=\"_blank\" rel=\"noopener noreferrer nofollow\">https:\/\/www.ameli.fr\/assure\/sante\/themes\/tabac\/tabac-produits-chiffres<\/a><\/p>","protected":false},"excerpt":{"rendered":"<p>Pour prot\u00e9ger les plus jeunes, il est interdit de fumer dans les lieux collectifs. Cette interdiction va d\u00e9sormais s&rsquo;\u00e9tendre \u00e0 de nouveaux espaces ext\u00e9rieurs, l\u00e0 o\u00f9 les enfants et adolescents sont pr\u00e9sents ou expos\u00e9s. Depuis le 1er\u00a0juillet\u00a02025, il est donc interdit de fumer dans les lieux suivants, pendant les heures ou p\u00e9riodes d\u2019ouverture\u00a0: \u2139\ufe0f Plus [&hellip;]<\/p>\n","protected":false},"author":1,"featured_media":20117,"comment_status":"closed","ping_status":"closed","sticky":false,"template":"","format":"standard","meta":{"footnotes":""},"categories":[26],"tags":[],"class_list":["post-20116","post","type-post","status-publish","format-standard","has-post-thumbnail","hentry","category-a-la-une"],"_links":{"self":[{"href":"https:\/\/www.villeneuve-les-beziers.fr\/it\/wp-json\/wp\/v2\/posts\/20116","targetHints":{"allow":["GET"]}}],"collection":[{"href":"https:\/\/www.villeneuve-les-beziers.fr\/it\/wp-json\/wp\/v2\/posts"}],"about":[{"href":"https:\/\/www.villeneuve-les-beziers.fr\/it\/wp-json\/wp\/v2\/types\/post"}],"author":[{"embeddable":true,"href":"https:\/\/www.villeneuve-les-beziers.fr\/it\/wp-json\/wp\/v2\/users\/1"}],"replies":[{"embeddable":true,"href":"https:\/\/www.villeneuve-les-beziers.fr\/it\/wp-json\/wp\/v2\/comments?post=20116"}],"version-history":[{"count":1,"href":"https:\/\/www.villeneuve-les-beziers.fr\/it\/wp-json\/wp\/v2\/posts\/20116\/revisions"}],"predecessor-version":[{"id":20118,"href":"https:\/\/www.villeneuve-les-beziers.fr\/it\/wp-json\/wp\/v2\/posts\/20116\/revisions\/20118"}],"wp:featuredmedia":[{"embeddable":true,"href":"https:\/\/www.villeneuve-les-beziers.fr\/it\/wp-json\/wp\/v2\/media\/20117"}],"wp:attachment":[{"href":"https:\/\/www.villeneuve-les-beziers.fr\/it\/wp-json\/wp\/v2\/media?parent=20116"}],"wp:term":[{"taxonomy":"category","embeddable":true,"href":"https:\/\/www.villeneuve-les-beziers.fr\/it\/wp-json\/wp\/v2\/categories?post=20116"},{"taxonomy":"post_tag","embeddable":true,"href":"https:\/\/www.villeneuve-les-beziers.fr\/it\/wp-json\/wp\/v2\/tags?post=20116"}],"curies":[{"name":"wp","href":"https:\/\/api.w.org\/{rel}","templated":true}]}}