{"id":20120,"date":"2025-07-10T11:45:00","date_gmt":"2025-07-10T09:45:00","guid":{"rendered":"https:\/\/www.villeneuve-les-beziers.fr\/?p=20120"},"modified":"2025-07-11T08:33:45","modified_gmt":"2025-07-11T06:33:45","slug":"banco-alimentare-2025-2026","status":"publish","type":"post","link":"https:\/\/www.villeneuve-les-beziers.fr\/it\/a-la-une\/comptoir-alimentaire-2025-2026\/","title":{"rendered":"Banco alimentare 2025-2026"},"content":{"rendered":"<p>Il banco alimentare riprender\u00e0 le sue attivit\u00e0 a partire da&nbsp;<strong>Marted\u00ec 9 settembre 2025<\/strong>&nbsp;!<\/p>\n\n\n\n<p>Desidera beneficiarne? Il CCAS pu\u00f2 aiutarla.<\/p>\n\n\n\n<p>Gli aiuti alimentari sono soggetti a determinate condizioni:<\/p>\n\n\n\n<p>\ud83d\udc49 Presentazione di una domanda completa :<\/p>\n\n\n\n<p><strong><a href=\"https:\/\/www.villeneuve-les-beziers.fr\/wp-content\/uploads\/2021\/08\/reglementinterieur.pdf\">\u21d2Regole interne<\/a><\/strong><br><strong><a href=\"https:\/\/www.villeneuve-les-beziers.fr\/wp-content\/uploads\/2021\/08\/reglementinterieur.pdf\">\u21d2<\/a><a href=\"https:\/\/www.villeneuve-les-beziers.fr\/wp-content\/uploads\/2021\/08\/beneficiaire_charte.pdf\">Carta del Beneficiario<\/a><\/strong><br><strong><a href=\"https:\/\/www.villeneuve-les-beziers.fr\/wp-content\/uploads\/2021\/08\/reglementinterieur.pdf\">\u21d2<\/a><a href=\"https:\/\/www.villeneuve-les-beziers.fr\/wp-content\/uploads\/2021\/08\/dossier-demande.pdf\">File di applicazione<\/a><\/strong><\/p>\n\n\n\n<p>\ud83d\udc49 Verifica delle sue risorse in base a una scala stabilita<\/p>\n\n\n\n<p>Contatti il CCAS al numero\u00a0<strong>04 67 39 90 03<\/strong> per ulteriori informazioni o per ritirare un file.<\/p>\n\n\n\n<p>\u26a0\ufe0f <strong>ATTENZIONE<\/strong>&nbsp;:&nbsp;<strong>Il CCAS rester\u00e0 chiuso dal 21 luglio al 1\u00b0 agosto 2025 incluso.<\/strong>. Non dimentichi di pianificare in anticipo!<\/p>","protected":false},"excerpt":{"rendered":"<p>Le comptoir alimentaire reprendra ses activit\u00e9s \u00e0 partir du&nbsp;mardi 9 septembre 2025&nbsp;! Vous souhaitez en b\u00e9n\u00e9ficier ? Le CCAS vous accompagne dans vos d\u00e9marches. L\u2019aide alimentaire est soumise \u00e0 certaines conditions : \ud83d\udc49 D\u00e9p\u00f4t d&rsquo;un dossier complet : \u21d2R\u00e8glement int\u00e9rieur\u21d2Charte du b\u00e9n\u00e9ficiaire\u21d2Dossier de demande \ud83d\udc49 V\u00e9rification de vos ressources selon un bar\u00e8me \u00e9tabli Contactez le [&hellip;]<\/p>\n","protected":false},"author":1,"featured_media":14334,"comment_status":"closed","ping_status":"closed","sticky":false,"template":"","format":"standard","meta":{"footnotes":""},"categories":[26],"tags":[],"class_list":["post-20120","post","type-post","status-publish","format-standard","has-post-thumbnail","hentry","category-a-la-une"],"_links":{"self":[{"href":"https:\/\/www.villeneuve-les-beziers.fr\/it\/wp-json\/wp\/v2\/posts\/20120","targetHints":{"allow":["GET"]}}],"collection":[{"href":"https:\/\/www.villeneuve-les-beziers.fr\/it\/wp-json\/wp\/v2\/posts"}],"about":[{"href":"https:\/\/www.villeneuve-les-beziers.fr\/it\/wp-json\/wp\/v2\/types\/post"}],"author":[{"embeddable":true,"href":"https:\/\/www.villeneuve-les-beziers.fr\/it\/wp-json\/wp\/v2\/users\/1"}],"replies":[{"embeddable":true,"href":"https:\/\/www.villeneuve-les-beziers.fr\/it\/wp-json\/wp\/v2\/comments?post=20120"}],"version-history":[{"count":2,"href":"https:\/\/www.villeneuve-les-beziers.fr\/it\/wp-json\/wp\/v2\/posts\/20120\/revisions"}],"predecessor-version":[{"id":20132,"href":"https:\/\/www.villeneuve-les-beziers.fr\/it\/wp-json\/wp\/v2\/posts\/20120\/revisions\/20132"}],"wp:featuredmedia":[{"embeddable":true,"href":"https:\/\/www.villeneuve-les-beziers.fr\/it\/wp-json\/wp\/v2\/media\/14334"}],"wp:attachment":[{"href":"https:\/\/www.villeneuve-les-beziers.fr\/it\/wp-json\/wp\/v2\/media?parent=20120"}],"wp:term":[{"taxonomy":"category","embeddable":true,"href":"https:\/\/www.villeneuve-les-beziers.fr\/it\/wp-json\/wp\/v2\/categories?post=20120"},{"taxonomy":"post_tag","embeddable":true,"href":"https:\/\/www.villeneuve-les-beziers.fr\/it\/wp-json\/wp\/v2\/tags?post=20120"}],"curies":[{"name":"wp","href":"https:\/\/api.w.org\/{rel}","templated":true}]}}